{"id":5249,"date":"2016-06-01T11:37:49","date_gmt":"2016-06-01T09:37:49","guid":{"rendered":"http:\/\/urgenci.net\/french\/?p=5249"},"modified":"2016-06-01T11:54:41","modified_gmt":"2016-06-01T09:54:41","slug":"financement-participatif-de-la-3eme-rencontre-europeenne","status":"publish","type":"post","link":"https:\/\/urgenci.net\/french\/financement-participatif-de-la-3eme-rencontre-europeenne\/","title":{"rendered":"Financement participatif de la 3\u00e8me rencontre europ\u00e9enne!"},"content":{"rendered":"<p><b>Financement participatif de la 3\u00e8me rencontre europ\u00e9enne de l&rsquo;agriculture soutenue par la communaut\u00e9 (CSA en anglais) \u00e0 Ostrava, en R\u00e9publique tch\u00e8que.<\/b><\/p>\n<p>Le r\u00e9seau international Urgenci, avec son partenaire tch\u00e8que ProBioLiga, lancent le 1er juin 2016 (\u00e0 partir de 13 heures) une campagne de financement participatif sur <a href=\"https:\/\/www.indiegogo.com\/projects\/third-european-csa-meeting#\/\">Indiegogo pour l&rsquo;organisation de la 3\u00e8me rencontre europ\u00e9enne des CSA<\/a> qui aura lieu du 16 au 18 septembre prochains \u00e0 Ostrava.<\/p>\n<p><strong>Acteurs engag\u00e9s dans des syst\u00e8mes alternatifs de distribution alimentaire et militants pour la Souverainet\u00e9 alimentaire de toute l\u2019Europe, rejoignez-nous ! \u00a0\u00a0\u00a0\u00a0<\/strong><\/p>\n<p>Au menu de cette 3\u00e8me rencontre:<\/p>\n<p><img loading=\"lazy\" decoding=\"async\" class=\"size-medium wp-image-5253 alignleft\" src=\"https:\/\/urgenci.net\/french\/wp-content\/uploads\/2016\/06\/CSA-Europe-map-300x133.png\" alt=\"CSA Europe map\" width=\"300\" height=\"133\" srcset=\"https:\/\/urgenci.net\/french\/wp-content\/uploads\/2016\/06\/CSA-Europe-map-300x133.png 300w, https:\/\/urgenci.net\/french\/wp-content\/uploads\/2016\/06\/CSA-Europe-map-600x265.png 600w, https:\/\/urgenci.net\/french\/wp-content\/uploads\/2016\/06\/CSA-Europe-map.png 636w\" sizes=\"auto, (max-width: 300px) 100vw, 300px\" \/><\/p>\n<ul>\n<li>Structurer le mouvement des CSA et organiser l&rsquo;\u00e9quipe de coordination, appel\u00e9e \u201cKernel\u201d<\/li>\n<li>Valider la D\u00e9claration europ\u00e9enne des CSA<\/li>\n<li>Pr\u00e9senter le travail du Groupe de recherche sur les CSA<\/li>\n<li>Echanger nos exp\u00e9riences entre fermes, groupes, r\u00e9seaux et en tant que mouvement !<\/li>\n<li>Essaimer les r\u00e9sultats du projet Be Part of CSA!<\/li>\n<li>D\u00e9finir et planifier nos futures actions<\/li>\n<\/ul>\n<p>Les organisations qui ne sont pas des CSA\/AMAP\/GASAP\/ACP mais qui partagent notre vision des partenariats locaux et solidaires entre producteurs et consommateurs sont les bienvenues! Notre objectif est de renforcer collectivement nos r\u00e9seaux et de pr\u00e9parer nos actions \u00e0 venir tous ensemble. Cette rencontre constituera \u00e9galement une \u00e9tape importante vers le second Forum Ny\u00e9l\u00e9ni Europe sur la Souverainet\u00e9 alimentaire, qui aura lieu du 26 au 30 octobre \u00e0 Cluj-Napoca, en Roumanie.<\/p>\n<p><strong>Merci de nous aider \u00e0 financer une partie de cette rencontre importante en cliquant sur le lien ci-dessous :<\/strong><\/p>\n<p><a href=\"https:\/\/www.indiegogo.com\/projects\/third-european-csa-meeting#\/\"><strong>https:\/\/www.indiegogo.com\/projects\/third-european-csa-meeting#\/<\/strong><\/a><\/p>\n<p>&nbsp;<\/p>\n<p>Pour remercier nos g\u00e9n\u00e9reuses donatrices et nos g\u00e9n\u00e9reux donateurs, nous vous proposons des contreparties symboliques pour certains et originales pour d\u2019autres:<\/p>\n<p><strong>10\u20ac \u00a0\u00ab <i>Peas and laugh ! <\/i>\u00bb<\/strong> (en fran\u00e7ais : \u00ab des petits pois et des sourires \u00bb ; en anglais : Paix et amour fa\u00e7on CSA ! NdT.) Merci beaucoup de soutenir notre cause ! Nous vous ferons parvenir une note de remerciement personnalis\u00e9e dans votre bo\u00eete aux lettres.<\/p>\n<p><strong>20 \u20ac \/ Devenez membre d\u2019Urgenci:<\/strong> Nous vous ferons parvenir une note de remerciement personnalis\u00e9e dans votre bo\u00eete aux lettres et en plus, vous deviendrez officiellement membre d\u2019Urgenci.<\/p>\n<p><strong>30 \u20ac \/ Devenez membre d\u2019Urgenci et recevez Teikei !<\/strong> Nous vous ferons parvenir la newsletter Teikei en version papier, vous ferez partie de notre grande liste de diffusion et serez vous aussi membre d\u2019Urgenci, avec une note de remerciement personnalis\u00e9e dans votre bo\u00eete aux lettres !<\/p>\n<p><strong>50 \u20ac \/ Recevez le manuel de formation \u00ab logistique \u00bb des CSA:<\/strong> Nous vous ferons parvenir un exemplaire papier du manuel de formation sur les syst\u00e8mes de distribution alimentaire alternatifs, vous ferez partie de notre grande liste de diffusion et serez vous aussi membre d\u2019Urgenci, avec une note de remerciement personnalis\u00e9e dans votre bo\u00eete aux lettres !<\/p>\n<p><strong>100 \u20ac \/ L\u00e0, on vous envoie aussi le manuel europ\u00e9en des CSA:<\/strong> Vous recevrez une copie papier du manuel europ\u00e9en de la <i>Community Supported Agriculture<\/i> et le manuel de formation sur les syst\u00e8mes alternatifs de distribution alimentaire, 10 d\u00e9pliants Urgenci pour diffuser la bonne nouvelle autour de vous, plus l&rsquo;adh\u00e9sion Urgenci et une note de remerciement personnalis\u00e9e dans votre bo\u00eete aux lettres !<\/p>\n<p><strong>200 \u20ac \/ Pour les R\u00e9seaux:<\/strong> 5 exemplaires papier de chacun des livres (manuel de formation sur les syst\u00e8mes alternatifs de distribution alimentaire et le Manuel europ\u00e9en de l\u2019Agriculture soutenue par les consommacteurs), 50 d\u00e9pliants Urgenci et une adh\u00e9sion \u00e0 Urgenci qui vous renforce, et nous aussi. Et une note de remerciement personnalis\u00e9e dans votre bo\u00eete aux lettres !<\/p>\n<p style=\"text-align: center;\"><strong>M E R C I<\/strong><\/p>\n","protected":false},"excerpt":{"rendered":"<p>Financement participatif de la 3\u00e8me rencontre europ\u00e9enne de l&rsquo;agriculture soutenue par la communaut\u00e9 (CSA en anglais) \u00e0 Ostrava, en R\u00e9publique tch\u00e8que. Le r\u00e9seau international Urgenci, avec son partenaire tch\u00e8que ProBioLiga, lancent le 1er juin 2016 (\u00e0 partir de 13 heures) une campagne de financement participatif sur Indiegogo pour l&rsquo;organisation de la 3\u00e8me rencontre europ\u00e9enne des&#8230; <\/p>\n<div class=\"clear\"><\/div>\n<p><a href=\"https:\/\/urgenci.net\/french\/financement-participatif-de-la-3eme-rencontre-europeenne\/\" class=\"excerpt-read-more\">Read More<\/a><\/p>\n","protected":false},"author":3,"featured_media":5252,"comment_status":"closed","ping_status":"closed","sticky":false,"template":"","format":"standard","meta":{"footnotes":""},"categories":[4,5],"tags":[],"class_list":["post-5249","post","type-post","status-publish","format-standard","has-post-thumbnail","hentry","category-blog","category-post-slider"],"_links":{"self":[{"href":"https:\/\/urgenci.net\/french\/wp-json\/wp\/v2\/posts\/5249","targetHints":{"allow":["GET"]}}],"collection":[{"href":"https:\/\/urgenci.net\/french\/wp-json\/wp\/v2\/posts"}],"about":[{"href":"https:\/\/urgenci.net\/french\/wp-json\/wp\/v2\/types\/post"}],"author":[{"embeddable":true,"href":"https:\/\/urgenci.net\/french\/wp-json\/wp\/v2\/users\/3"}],"replies":[{"embeddable":true,"href":"https:\/\/urgenci.net\/french\/wp-json\/wp\/v2\/comments?post=5249"}],"version-history":[{"count":3,"href":"https:\/\/urgenci.net\/french\/wp-json\/wp\/v2\/posts\/5249\/revisions"}],"predecessor-version":[{"id":5255,"href":"https:\/\/urgenci.net\/french\/wp-json\/wp\/v2\/posts\/5249\/revisions\/5255"}],"wp:featuredmedia":[{"embeddable":true,"href":"https:\/\/urgenci.net\/french\/wp-json\/wp\/v2\/media\/5252"}],"wp:attachment":[{"href":"https:\/\/urgenci.net\/french\/wp-json\/wp\/v2\/media?parent=5249"}],"wp:term":[{"taxonomy":"category","embeddable":true,"href":"https:\/\/urgenci.net\/french\/wp-json\/wp\/v2\/categories?post=5249"},{"taxonomy":"post_tag","embeddable":true,"href":"https:\/\/urgenci.net\/french\/wp-json\/wp\/v2\/tags?post=5249"}],"curies":[{"name":"wp","href":"https:\/\/api.w.org\/{rel}","templated":true}]}}