{"id":5502,"date":"2017-04-11T11:49:37","date_gmt":"2017-04-11T09:49:37","guid":{"rendered":"http:\/\/urgenci.net\/french\/?p=5502"},"modified":"2017-04-11T11:49:37","modified_gmt":"2017-04-11T09:49:37","slug":"ce-que-nous-mangeons-nos-recits-nos-alliances-du-17-au-25-avril-2017","status":"publish","type":"post","link":"https:\/\/urgenci.net\/french\/ce-que-nous-mangeons-nos-recits-nos-alliances-du-17-au-25-avril-2017\/","title":{"rendered":"\u00ab\u00a0Ce que nous mangeons\u00a0\u00bb: nos r\u00e9cits, nos alliances &#8211; du 17 au 25 Avril 2017"},"content":{"rendered":"<p><em>cr\u00e9dit photo pour l&rsquo;image de une: Gillian Brooks, AG du CSA network UK, 2015.<\/em><\/p>\n<p class=\"p1\"><span class=\"s1\"><img loading=\"lazy\" decoding=\"async\" class=\"size-medium wp-image-5346 alignright\" src=\"https:\/\/urgenci.net\/french\/wp-content\/uploads\/2016\/08\/nyeleni2016-300x175.jpg\" alt=\"nyeleni2016\" width=\"300\" height=\"175\" srcset=\"https:\/\/urgenci.net\/french\/wp-content\/uploads\/2016\/08\/nyeleni2016-300x175.jpg 300w, https:\/\/urgenci.net\/french\/wp-content\/uploads\/2016\/08\/nyeleni2016-600x349.jpg 600w, https:\/\/urgenci.net\/french\/wp-content\/uploads\/2016\/08\/nyeleni2016.jpg 644w\" sizes=\"auto, (max-width: 300px) 100vw, 300px\" \/>Lors du second Forum Ny\u00e9l\u00e9ni Europe pour la Souverainet\u00e9 alimentaire qui s\u2019est tenu en Roumanie en octobre dernier, la d\u00e9cision collective a \u00e9t\u00e9 prise de lancer une campagne sur les partenariats locaux et solidaires. Les<br \/>\nparticipant-e-s au Forum ont convenu que la campagne serait \u00eatre lanc\u00e9e \u00e0 travers l\u2019Europe \u00e0 l\u2019occasion du <strong>17 avril 2017, Journ\u00e9e mondiale des luttes paysannes.<br \/>\n<\/strong><\/span><\/p>\n<p class=\"p1\"><span class=\"s1\"><img loading=\"lazy\" decoding=\"async\" class=\"size-medium wp-image-5504 alignleft\" src=\"https:\/\/urgenci.net\/french\/wp-content\/uploads\/2017\/04\/our-food-zoltan-300x201.jpg\" alt=\"our food zoltan\" width=\"300\" height=\"201\" srcset=\"https:\/\/urgenci.net\/french\/wp-content\/uploads\/2017\/04\/our-food-zoltan-300x201.jpg 300w, https:\/\/urgenci.net\/french\/wp-content\/uploads\/2017\/04\/our-food-zoltan.jpg 501w\" sizes=\"auto, (max-width: 300px) 100vw, 300px\" \/>Le r\u00e9seau <i>pour la Souverainet\u00e9 alimentaire du Royaume-Uni <\/i>a r\u00e9cemment fait une proposition qui a tout le soutien d\u2019Urgenci. Il s\u2019agit d\u2019une campagne sur les alternatives au syst\u00e8me de production et de distribution agro-industriel, en r\u00e9cits, \u00e0 travers des histoires personnelles de paysan-ne-s, de jardinier-e-s, d\u2019apiculteurs, de boulanger-e-s, de membres de groupes d\u2019Agriculture soutenue par les citoyens (ASC) et de coop\u00e9ratives, de banques alimentaires,\u2026 Ces r\u00e9cits illustreront les avantages des mod\u00e8les dans lesquels elles et ils produisent, transforment, distribuent ou ach\u00e8tent notre alimentation. <\/span><\/p>\n<p class=\"p1\"><span class=\"s1\">Tout au long de la semaine, vous pouvez organiser des \u00e9v\u00e9nements sp\u00e9cialement pour la campagne ou, si vous en pr\u00e9voyez d\u00e9j\u00e0, n&rsquo;oubliez pas d&rsquo; y associer cette campagne. <\/span><\/p>\n<p class=\"p1\"><span class=\"s1\"><img loading=\"lazy\" decoding=\"async\" class=\"size-medium wp-image-5505 alignright\" src=\"https:\/\/urgenci.net\/french\/wp-content\/uploads\/2017\/04\/our-food-225x300.jpg\" alt=\"our food\" width=\"225\" height=\"300\" srcset=\"https:\/\/urgenci.net\/french\/wp-content\/uploads\/2017\/04\/our-food-225x300.jpg 225w, https:\/\/urgenci.net\/french\/wp-content\/uploads\/2017\/04\/our-food-422x562.jpg 422w, https:\/\/urgenci.net\/french\/wp-content\/uploads\/2017\/04\/our-food-600x800.jpg 600w, https:\/\/urgenci.net\/french\/wp-content\/uploads\/2017\/04\/our-food.jpg 720w\" sizes=\"auto, (max-width: 225px) 100vw, 225px\" \/>Merci d\u2019utiliser les hashtags suivants sur les r\u00e9seaux sociaux: <strong>#ourfood #nyeleni #17thApril #CSA.<\/strong> La dur\u00e9e des vid\u00e9os ne doivent pas d\u00e9passer 2 minutes!<\/span><\/p>\n<p class=\"p1\"><span class=\"s1\">Les r\u00e9cits peuvent aussi \u00eatre publi\u00e9s dans les m\u00e9dias \u00e9crits, \u00e0 la radio, racont\u00e9s au cours d\u2019\u00e9v\u00e9nements publics ou de mille autres fa\u00e7ons encore. Vous pouvez vous-m\u00eames en partager les images sur les r\u00e9seaux sociaux. Nous pourrons \u00e9galement les t\u00e9l\u00e9charger sur notre cha\u00eene Youtube, sur le site d\u2019Urgenci, sur notre page Facebook (\u00ab\u00a0<i>Urgenci, Community Supported Agriculture around the World<\/i>\u00a0\u00bb ) et sur notre compte Twitter (@urgenci1).<\/span><\/p>\n<p class=\"p1\"><span class=\"s1\">Merci de partager vos vid\u00e9os et de nous tenir inform\u00e9s des \u00e9v\u00e9nements que vous organisez et des r\u00e9cits que vous publierez dans les autres m\u00e9dias. Ou prenez simplement contact avec nous pour nous faire part de vos suggestions.<\/span><\/p>\n<p class=\"p1\"><a href=\"mailto:contact@urgenci.net\">contact@urgenci.net<\/a><\/p>\n","protected":false},"excerpt":{"rendered":"<p>cr\u00e9dit photo pour l&rsquo;image de une: Gillian Brooks, AG du CSA network UK, 2015. Lors du second Forum Ny\u00e9l\u00e9ni Europe pour la Souverainet\u00e9 alimentaire qui s\u2019est tenu en Roumanie en octobre dernier, la d\u00e9cision collective a \u00e9t\u00e9 prise de lancer une campagne sur les partenariats locaux et solidaires. Les participant-e-s au Forum ont convenu que&#8230; <\/p>\n<div class=\"clear\"><\/div>\n<p><a href=\"https:\/\/urgenci.net\/french\/ce-que-nous-mangeons-nos-recits-nos-alliances-du-17-au-25-avril-2017\/\" class=\"excerpt-read-more\">Read More<\/a><\/p>\n","protected":false},"author":3,"featured_media":5503,"comment_status":"closed","ping_status":"closed","sticky":false,"template":"","format":"standard","meta":{"footnotes":""},"categories":[4,5,78],"tags":[],"class_list":["post-5502","post","type-post","status-publish","format-standard","has-post-thumbnail","hentry","category-blog","category-post-slider","category-souverainete-alimentaire"],"_links":{"self":[{"href":"https:\/\/urgenci.net\/french\/wp-json\/wp\/v2\/posts\/5502","targetHints":{"allow":["GET"]}}],"collection":[{"href":"https:\/\/urgenci.net\/french\/wp-json\/wp\/v2\/posts"}],"about":[{"href":"https:\/\/urgenci.net\/french\/wp-json\/wp\/v2\/types\/post"}],"author":[{"embeddable":true,"href":"https:\/\/urgenci.net\/french\/wp-json\/wp\/v2\/users\/3"}],"replies":[{"embeddable":true,"href":"https:\/\/urgenci.net\/french\/wp-json\/wp\/v2\/comments?post=5502"}],"version-history":[{"count":1,"href":"https:\/\/urgenci.net\/french\/wp-json\/wp\/v2\/posts\/5502\/revisions"}],"predecessor-version":[{"id":5506,"href":"https:\/\/urgenci.net\/french\/wp-json\/wp\/v2\/posts\/5502\/revisions\/5506"}],"wp:featuredmedia":[{"embeddable":true,"href":"https:\/\/urgenci.net\/french\/wp-json\/wp\/v2\/media\/5503"}],"wp:attachment":[{"href":"https:\/\/urgenci.net\/french\/wp-json\/wp\/v2\/media?parent=5502"}],"wp:term":[{"taxonomy":"category","embeddable":true,"href":"https:\/\/urgenci.net\/french\/wp-json\/wp\/v2\/categories?post=5502"},{"taxonomy":"post_tag","embeddable":true,"href":"https:\/\/urgenci.net\/french\/wp-json\/wp\/v2\/tags?post=5502"}],"curies":[{"name":"wp","href":"https:\/\/api.w.org\/{rel}","templated":true}]}}