{"id":5658,"date":"2018-11-09T12:52:14","date_gmt":"2018-11-09T11:52:14","guid":{"rendered":"http:\/\/urgenci.net\/french\/?p=5658"},"modified":"2018-11-09T12:53:03","modified_gmt":"2018-11-09T11:53:03","slug":"plus-de-300-participants-du-monde-entier-au-rendez-vous-de-lagriculture-soutenue-par-les-citoyen-n-es","status":"publish","type":"post","link":"https:\/\/urgenci.net\/french\/plus-de-300-participants-du-monde-entier-au-rendez-vous-de-lagriculture-soutenue-par-les-citoyen-n-es\/","title":{"rendered":"Plus de 300 participants du monde entier au rendez-vous de l&rsquo;Agriculture soutenue par les citoyen.n.es"},"content":{"rendered":"<p align=\"JUSTIFY\"><em><span style=\"color: #000000;\"><span style=\"font-family: Arial, sans-serif;\"><span style=\"font-size: large;\">Communiqu\u00e9 de presse, Thessalonique, le 9 novembre 2018<\/span><\/span><\/span><\/em><\/p>\n<p align=\"JUSTIFY\"><span style=\"font-family: Arial, sans-serif;\"><span style=\"font-size: large;\"><span style=\"color: #000000;\"><b>Lancement aujourd&rsquo;hui \u00e0 Thessalonique de <\/b><\/span><span style=\"color: #000000;\"><i><b>Community Supported Agriculture Beyond Border, <\/b><\/i><\/span><span style=\"color: #000000;\"><b>une rencontre d<\/b><\/span><span style=\"color: #000000;\"><b>e trois jours consacr\u00e9e \u00e0 l&rsquo;ASC qui rassemble le 7e Symposium International d&rsquo;Urgenci, la 4e Rencontre Europ\u00e9enne et la 2e Rencontre du r\u00e9seau m\u00e9diterran\u00e9enne.<\/b><\/span><\/span><\/span><\/p>\n<p align=\"JUSTIFY\"><span style=\"color: #000000;\"><span style=\"font-family: Arial, sans-serif;\"><span style=\"font-size: large;\">Ce grand rassemblement est organis\u00e9 par Urgenci, le r\u00e9seau international de l&rsquo;Agriculture soutenue par les citoyen.ne.s, qui regroupe de nombreux r\u00e9seaux nationaux et r\u00e9gionaux et compte environ 2 millions de membres. <strong>Le mouvement social de l&rsquo;Agriculture soutenue par les citoyen.ne.s fait partie \u00e0 la fois du mouvement mondial pour la souverainet\u00e9 alimentaire et du mouvement pour l&rsquo;\u00e9conomie solidaire.<\/strong> Ce week-end sera donc consacr\u00e9 \u00e0 des \u00e9changes sur la mani\u00e8re de mettre ces questions encore plus clairement \u00e0 l&rsquo;ordre du jour au niveau mondial, au-del\u00e0 des fronti\u00e8res.<\/span><\/span><\/span><\/p>\n<p align=\"JUSTIFY\"><span style=\"color: #000000;\"><span style=\"font-family: Arial, sans-serif;\"><span style=\"font-size: large;\">Ateliers, visites de projets, \u00e9changes de pratiques et de semences, d\u00e9gustations de produits locaux, permettront aux diff\u00e9rents acteurs de l&rsquo;ASC \u2013 paysan.ne.s, p\u00eacheur.euse.s et consommateur.trice.s, mais aussi chercheur.euse.s et sympathisant.e.s \u2013 auront l&rsquo;occasion d&rsquo;\u00e9crire une nouvelle page du mouvement. L&rsquo;un des principes cl\u00e9s de l&rsquo;ASC est l&rsquo;\u00e9tablissement de relations directes, fond\u00e9es sur la confiance, entre les producteur.trice.s et les consommateur.trice.s.<strong> L&rsquo;ASC permet \u00e9galement \u00e0 des millions de personnes dans le monde d&rsquo;avoir acc\u00e8s \u00e0 des aliments frais, sains et riches en nutriments de mani\u00e8re inclusive, tout en assurant des moyens de subsistance d\u00e9cents \u00e0 des milliers d&rsquo;agriculteurs.<\/strong><\/span><\/span><\/span><\/p>\n<p align=\"JUSTIFY\"><img loading=\"lazy\" decoding=\"async\" class=\"alignnone wp-image-5659 aligncenter\" src=\"https:\/\/urgenci.net\/french\/wp-content\/uploads\/2018\/11\/PlenaryUrgenci-300x181.png\" alt=\"\" width=\"675\" height=\"407\" srcset=\"https:\/\/urgenci.net\/french\/wp-content\/uploads\/2018\/11\/PlenaryUrgenci-300x181.png 300w, https:\/\/urgenci.net\/french\/wp-content\/uploads\/2018\/11\/PlenaryUrgenci-768x462.png 768w, https:\/\/urgenci.net\/french\/wp-content\/uploads\/2018\/11\/PlenaryUrgenci-900x542.png 900w, https:\/\/urgenci.net\/french\/wp-content\/uploads\/2018\/11\/PlenaryUrgenci-600x361.png 600w, https:\/\/urgenci.net\/french\/wp-content\/uploads\/2018\/11\/PlenaryUrgenci.png 1652w\" sizes=\"auto, (max-width: 675px) 100vw, 675px\" \/><\/p>\n<p align=\"JUSTIFY\"><span style=\"color: #000000;\"><span style=\"font-family: Arial, sans-serif;\"><span style=\"font-size: large;\">Cette rencontre concerne plusieurs niveaux d&rsquo;action et de mise en r\u00e9seau. Il s&rsquo;agit non seulement du <strong>7e Colloque international et de l&rsquo;Assembl\u00e9e g\u00e9n\u00e9rale d&rsquo;Urgenci et de la 4e Rencontre europ\u00e9enne des Mouvements de l&rsquo;Agriculture soutenue par les citoyen.ne.s, mais aussi de la 2e Rencontre m\u00e9diterran\u00e9enne des partenariats locaux et solidaires pour l&rsquo;agro\u00e9cologie<\/strong>. Ce dernier \u00e9v\u00e9nement explique aussi pourquoi la Gr\u00e8ce est l&rsquo;h\u00f4te de ce symposium. En plus d&rsquo;\u00eatre sur la ligne de front du plus important mouvement de migration depuis la Deuxi\u00e8me Guerre mondiale et \u00e0 la pointe des exp\u00e9rimentations en mati\u00e8re de gouvernance alimentaire (re)local(is\u00e9)e, les activistes grec.que.s \u2013 et en particulier l&rsquo;organisation membre Agroecopolis \u2013 jouent un r\u00f4le fondamental dans le renforcement de la r\u00e9gion m\u00e9diterran\u00e9enne. <\/span><\/span><\/span><\/p>\n<p align=\"JUSTIFY\"><span style=\"font-family: Arial, sans-serif;\"><span style=\"font-size: large;\"><span style=\"color: #000000;\">En plus des r\u00e9unions organis\u00e9es selon des crit\u00e8res g\u00e9ographiques, une partie des ateliers seront <strong>consacr\u00e9s \u00e0 quatre projets europ\u00e9ens auxquels Urgenci participe actuellement<\/strong>. Il s&rsquo;agit de <\/span><span style=\"color: #000000;\"><i>Solid Base<\/i><\/span><span style=\"color: #000000;\">, un programme \u00e9ducatif qui fournit des connaissances pratiques en mati\u00e8re d&rsquo;entrepreneuriat tant pour les paysan.ne.s que pour les mangeur.euse.s; d&rsquo;<\/span><span style=\"color: #000000;\"><i>EATingCRAFT<\/i><\/span><span style=\"color: #000000;\">, soit des processus de formation sur les Syst\u00e8mes de garantie participatif, en partenariat avec l&rsquo;IFOAM; de <\/span><span style=\"color: #000000;\"><i>Voices<\/i><\/span><span style=\"color: #000000;\">, un projet de formation au plaidoyer aupr\u00e8s des institutions internationale, et de <\/span><span style=\"color: #000000;\"><i>DYNAversity;<\/i><\/span><span style=\"color: #000000;\"> un projet de recherche sur les connexions entre la biodiversit\u00e9 et les nouveaux types de r\u00e9seaux tels qu&rsquo;Urgenci.<\/span><\/span><\/span><\/p>\n<p align=\"JUSTIFY\"><span style=\"color: #000000;\"><span style=\"font-family: Arial, sans-serif;\"><span style=\"font-size: large;\">Une autre premi\u00e8re est la participation de p\u00eacheur.euse.s et esp\u00e8re lancer une initiative de P\u00eacheries soutenue par les citoyen.ne.s, avec le soutien du r\u00e9seau nord-am\u00e9ricain des PSC, en cr\u00e9ant de nouvelles alliances et en \u00e9changeant sur les mod\u00e8les existants, <em>\u00ab\u00a0du pont au plat\u00a0\u00bb<\/em> aux c\u00f4t\u00e9s<em> \u00ab\u00a0de la fourche \u00e0 la fourchette\u00a0\u00bb<\/em>.<\/span><\/span><\/span><\/p>\n","protected":false},"excerpt":{"rendered":"<p>Communiqu\u00e9 de presse, Thessalonique, le 9 novembre 2018 Lancement aujourd&rsquo;hui \u00e0 Thessalonique de Community Supported Agriculture Beyond Border, une rencontre de trois jours consacr\u00e9e \u00e0 l&rsquo;ASC qui rassemble le 7e Symposium International d&rsquo;Urgenci, la 4e Rencontre Europ\u00e9enne et la 2e Rencontre du r\u00e9seau m\u00e9diterran\u00e9enne. Ce grand rassemblement est organis\u00e9 par Urgenci, le r\u00e9seau international de&#8230; <\/p>\n<div class=\"clear\"><\/div>\n<p><a href=\"https:\/\/urgenci.net\/french\/plus-de-300-participants-du-monde-entier-au-rendez-vous-de-lagriculture-soutenue-par-les-citoyen-n-es\/\" class=\"excerpt-read-more\">Read More<\/a><\/p>\n","protected":false},"author":2,"featured_media":5660,"comment_status":"closed","ping_status":"closed","sticky":false,"template":"","format":"standard","meta":{"footnotes":""},"categories":[4,5],"tags":[89,100],"class_list":["post-5658","post","type-post","status-publish","format-standard","has-post-thumbnail","hentry","category-blog","category-post-slider","tag-csabeyondborders","tag-rencontre-europeenne"],"_links":{"self":[{"href":"https:\/\/urgenci.net\/french\/wp-json\/wp\/v2\/posts\/5658","targetHints":{"allow":["GET"]}}],"collection":[{"href":"https:\/\/urgenci.net\/french\/wp-json\/wp\/v2\/posts"}],"about":[{"href":"https:\/\/urgenci.net\/french\/wp-json\/wp\/v2\/types\/post"}],"author":[{"embeddable":true,"href":"https:\/\/urgenci.net\/french\/wp-json\/wp\/v2\/users\/2"}],"replies":[{"embeddable":true,"href":"https:\/\/urgenci.net\/french\/wp-json\/wp\/v2\/comments?post=5658"}],"version-history":[{"count":2,"href":"https:\/\/urgenci.net\/french\/wp-json\/wp\/v2\/posts\/5658\/revisions"}],"predecessor-version":[{"id":5662,"href":"https:\/\/urgenci.net\/french\/wp-json\/wp\/v2\/posts\/5658\/revisions\/5662"}],"wp:featuredmedia":[{"embeddable":true,"href":"https:\/\/urgenci.net\/french\/wp-json\/wp\/v2\/media\/5660"}],"wp:attachment":[{"href":"https:\/\/urgenci.net\/french\/wp-json\/wp\/v2\/media?parent=5658"}],"wp:term":[{"taxonomy":"category","embeddable":true,"href":"https:\/\/urgenci.net\/french\/wp-json\/wp\/v2\/categories?post=5658"},{"taxonomy":"post_tag","embeddable":true,"href":"https:\/\/urgenci.net\/french\/wp-json\/wp\/v2\/tags?post=5658"}],"curies":[{"name":"wp","href":"https:\/\/api.w.org\/{rel}","templated":true}]}}