{"id":5674,"date":"2019-01-29T14:03:45","date_gmt":"2019-01-29T13:03:45","guid":{"rendered":"http:\/\/urgenci.net\/french\/?p=5674"},"modified":"2019-01-29T14:03:45","modified_gmt":"2019-01-29T13:03:45","slug":"meilleurs-voeux-pour-2019","status":"publish","type":"post","link":"https:\/\/urgenci.net\/french\/meilleurs-voeux-pour-2019\/","title":{"rendered":"Meilleurs voeux pour 2019"},"content":{"rendered":"<div class=\"gdlr-blog-content\">\n<p align=\"JUSTIFY\"><em>Par Judith Hitchman, Co-Pr\u00e9sidente du Comit\u00e9 International, avec Shi Yan, Co-Pr\u00e9sidente du Comit\u00e9 international, et Jocelyn Parot, Secr\u00e9taire g\u00e9n\u00e9ral<br \/>\n<\/em><\/p>\n<p align=\"JUSTIFY\"><em>Cr\u00e9dit photo: Sara Meissner<\/em><\/p>\n<p align=\"JUSTIFY\">L&rsquo;aube de l&rsquo;ann\u00e9e 2019 s&rsquo;est lev\u00e9e avec un m\u00e9lange de situations compliqu\u00e9es tout autour du monde. Le changement climatique est encore plus aig\u00fce que ce que nous pensions jusque l\u00e0. Les gouvernements populistes dans diff\u00e9rents pays rendent toujours plus difficile l&rsquo;application du droit des peuples \u00e0 la libre circulation. Des migrants et des r\u00e9fugi\u00e9s sont renvoy\u00e9s par la force \u00e0 un nombre sans cesse croissant de fronti\u00e8res. Les guerres commerciales font vaciller les accords existants. La r\u00e9pression sous toutes ses formes se d\u00e9cha\u00eene: contre les petits producteurs et les peuples indig\u00e8nes et contre toutes celles et tous ceux qui veulent plus de justice sociale, environnementale et \u00e9conomique&#8230;<\/p>\n<p align=\"JUSTIFY\">Dans ce climat toujours plus r\u00e9pressif, <strong>le r\u00f4le de notre r\u00e9seau d&rsquo;Agriculture soutenue par les citoyens, Urgenci, est clef. Nos efforts collectifs pour construire une justice sociale, environnementale et \u00e9conomique plus grande (avec un accent \u00e9vident sur la justice alimentaire) signifie que chaque projet, chaque action collective, doit clairement avoir pour finalit\u00e9 de cr\u00e9er des syst\u00e8mes alimentaires locaux durables.<\/strong><\/p>\n<p align=\"JUSTIFY\"><img loading=\"lazy\" decoding=\"async\" class=\"alignnone size-full wp-image-7261\" src=\"http:\/\/urgenci.net\/wp-content\/uploads\/2019\/01\/PostCard_1.jpg\" sizes=\"auto, (max-width: 4240px) 100vw, 4240px\" srcset=\"http:\/\/urgenci.net\/wp-content\/uploads\/2019\/01\/PostCard_1.jpg 4240w, http:\/\/urgenci.net\/wp-content\/uploads\/2019\/01\/PostCard_1-768x513.jpg 768w, http:\/\/urgenci.net\/wp-content\/uploads\/2019\/01\/PostCard_1-841x562.jpg 841w, http:\/\/urgenci.net\/wp-content\/uploads\/2019\/01\/PostCard_1-600x401.jpg 600w\" alt=\"\" width=\"4240\" height=\"2832\" \/><\/p>\n<p align=\"JUSTIFY\">Notre colloque \u00e0 Thessalonique a \u00e9t\u00e9 un moment d&rsquo;inspiration unique, qui a consolid\u00e9 notre marche en avant sur ce chemin collectif. Et bien que nous n&rsquo;ayons pas encore partag\u00e9 tous les r\u00e9sultats des nombreux et complexes \u00ab\u00a0fils\u00a0\u00bb de cette rencontre, certaines lignes forces apparaissent clairement, et vont, esp\u00e9rons-le, pouvoir se d\u00e9velopper dans l&rsquo;ann\u00e9e qui s&rsquo;ouvre. L&rsquo;enthousiasme pour fournir un effort conjoint afin de travailler sur les P\u00eacheries soutenues par les citoyens (PSC) a \u00e9t\u00e9 impressionnant. Notre r\u00e9seau m\u00e9diterran\u00e9en, qui a re\u00e7u l&rsquo;an pass\u00e9 un soutien de la FAO, est maintenant une r\u00e9alit\u00e9. Tout comme la d\u00e9termination pour mobiliser les moyens pour construire et d\u00e9velopper le r\u00e9seau asiatique, clairement exprim\u00e9e lors des c\u00e9l\u00e9brations du 10e anniversaire de notre r\u00e9seau chinois \u00e0 Chengdu en d\u00e9cembre dernier.<\/p>\n<p align=\"JUSTIFY\">Nous avons de <strong>nombreux projets en cours, <\/strong>et d&rsquo;autres encore verront le jour cette ann\u00e9e. Il y aura de nouvelles sessions de formation bas\u00e9es sur la recherche <a href=\"https:\/\/urgenci.net\/french\/derniers-jours-pour-repondre-au-questionnaire-solidbase-pour-les-consommateurs\/\"><strong>S<\/strong><strong>olidBase<\/strong><\/a> sur la durabilit\u00e9 financi\u00e8re de nos initiatives. Il y aura \u00e9galement de nouveaux pays engag\u00e9s dans nos programmes de formation aux ASC, gr\u00e2ce au projet <a href=\"https:\/\/urgenci.net\/french\/premier-evenement-de-formation-csact-a-destination-des-paysan-ne-s\/\">CSAct!<\/a> et\u00e0 notre <a href=\"https:\/\/urgenci.net\/french\/?s=mediterran%C3%A9e\">r\u00e9seau m\u00e9diterran\u00e9en<\/a>.<\/p>\n<p align=\"JUSTIFY\">Nous avons aussi l&rsquo;intention d&rsquo;affiner notre compr\u00e9hension de la mani\u00e8re dont les groupes et les fermes en ASC s&rsquo;engagent sur le sujet des semences paysannes et de la biodiversit\u00e9 cultiv\u00e9e (<a href=\"https:\/\/urgenci.net\/french\/lancement-dun-questionnaire-sur-les-asc-et-la-biodiversite-cultivee\/\">DYNAversity<\/a>). Dans le cadre des \u00e9lections europ\u00e9ennes \u00e0 venir, nous construirons des positions communes sur la Politique agricole commune gr\u00e2ce \u00e0 notre <a href=\"https:\/\/urgenci.net\/french\/le-projet-de-plaidoyer-pour-le-mouvement-de-lagriculture-locale-et-solidaire-lance-a-rome\/\">projet Voices<\/a>.Nous explorerons les nouvelles connexions entre les Syst\u00e8me participatifs de garantie et les ASC \u00e0 travers le projet <a href=\"http:\/\/urgenci.net\/?s=eatingcraft\"><strong>EatingCraft<\/strong><\/a>. Tous ces projets nous offrirons les moyens logistiques pour mettre en oeuvre une grande partie de notre plan d&rsquo;action 2019-2020, tel que nous l&rsquo;avons ent\u00e9rin\u00e9 \u00e0 Thessalonique.<\/p>\n<p align=\"JUSTIFY\">Nous avons h\u00e2te de pouvoir partager les d\u00e9veloppements de notre r\u00e9seau en 2019 avec les millions de personnes de notre r\u00e9seau global, et de b\u00e2tir ensemble un monde meilleur, plus \u00e9quitable, dans lequel nous nous pouvons tous apporter notre pierre \u00e0 la construction d&rsquo;un avenir moins sombre.<\/p>\n<\/div>\n","protected":false},"excerpt":{"rendered":"<p>Par Judith Hitchman, Co-Pr\u00e9sidente du Comit\u00e9 International, avec Shi Yan, Co-Pr\u00e9sidente du Comit\u00e9 international, et Jocelyn Parot, Secr\u00e9taire g\u00e9n\u00e9ral Cr\u00e9dit photo: Sara Meissner L&rsquo;aube de l&rsquo;ann\u00e9e 2019 s&rsquo;est lev\u00e9e avec un m\u00e9lange de situations compliqu\u00e9es tout autour du monde. Le changement climatique est encore plus aig\u00fce que ce que nous pensions jusque l\u00e0. Les gouvernements&#8230; <\/p>\n<div class=\"clear\"><\/div>\n<p><a href=\"https:\/\/urgenci.net\/french\/meilleurs-voeux-pour-2019\/\" class=\"excerpt-read-more\">Read More<\/a><\/p>\n","protected":false},"author":2,"featured_media":5675,"comment_status":"closed","ping_status":"closed","sticky":false,"template":"","format":"standard","meta":{"footnotes":""},"categories":[4,5],"tags":[102,91,80,82,103],"class_list":["post-5674","post","type-post","status-publish","format-standard","has-post-thumbnail","hentry","category-blog","category-post-slider","tag-102","tag-asc","tag-fao","tag-pac","tag-psc"],"_links":{"self":[{"href":"https:\/\/urgenci.net\/french\/wp-json\/wp\/v2\/posts\/5674","targetHints":{"allow":["GET"]}}],"collection":[{"href":"https:\/\/urgenci.net\/french\/wp-json\/wp\/v2\/posts"}],"about":[{"href":"https:\/\/urgenci.net\/french\/wp-json\/wp\/v2\/types\/post"}],"author":[{"embeddable":true,"href":"https:\/\/urgenci.net\/french\/wp-json\/wp\/v2\/users\/2"}],"replies":[{"embeddable":true,"href":"https:\/\/urgenci.net\/french\/wp-json\/wp\/v2\/comments?post=5674"}],"version-history":[{"count":1,"href":"https:\/\/urgenci.net\/french\/wp-json\/wp\/v2\/posts\/5674\/revisions"}],"predecessor-version":[{"id":5676,"href":"https:\/\/urgenci.net\/french\/wp-json\/wp\/v2\/posts\/5674\/revisions\/5676"}],"wp:featuredmedia":[{"embeddable":true,"href":"https:\/\/urgenci.net\/french\/wp-json\/wp\/v2\/media\/5675"}],"wp:attachment":[{"href":"https:\/\/urgenci.net\/french\/wp-json\/wp\/v2\/media?parent=5674"}],"wp:term":[{"taxonomy":"category","embeddable":true,"href":"https:\/\/urgenci.net\/french\/wp-json\/wp\/v2\/categories?post=5674"},{"taxonomy":"post_tag","embeddable":true,"href":"https:\/\/urgenci.net\/french\/wp-json\/wp\/v2\/tags?post=5674"}],"curies":[{"name":"wp","href":"https:\/\/api.w.org\/{rel}","templated":true}]}}