{"id":5709,"date":"2019-05-20T15:33:35","date_gmt":"2019-05-20T13:33:35","guid":{"rendered":"http:\/\/urgenci.net\/french\/?p=5709"},"modified":"2019-05-21T09:56:04","modified_gmt":"2019-05-21T07:56:04","slug":"le-mouvement-europeen-de-lagriculture-soutenue-par-les-citoyens-soutient-la-politique-alimentaire-et-agricole-commune-pour-une-transition-ecologique-radicale","status":"publish","type":"post","link":"https:\/\/urgenci.net\/french\/le-mouvement-europeen-de-lagriculture-soutenue-par-les-citoyens-soutient-la-politique-alimentaire-et-agricole-commune-pour-une-transition-ecologique-radicale\/","title":{"rendered":"Le mouvement europ\u00e9en de l&rsquo;Agriculture soutenue par les citoyens soutient la Politique alimentaire et agricole commune pour une transition \u00e9cologique radicale"},"content":{"rendered":"<p align=\"JUSTIFY\"><span style=\"color: #000000;\"><span style=\"font-family: Arial, sans-serif;\"><span style=\"font-size: large;\">URGENCI, le r\u00e9seau de l&rsquo;Agriculture soutenue par les citoyen-ne-s et ses r\u00e9seaux membres issus de 12 pays d&rsquo;Europe, viennent d&rsquo;organiser, les 14-16 mai 2019, une formation au plaidoyer europ\u00e9en \u00e0 Bruxelles. L&rsquo;occasion de prendre position sur la r\u00e9forme de la Politique agricole commune.<\/span><\/span><\/span><\/p>\n<p align=\"JUSTIFY\"><span style=\"color: #000000;\"><span style=\"font-family: Arial, sans-serif;\"><span style=\"font-size: large;\"><b>L&rsquo;agriculture soutenue par les citoyen-ne-s (ASC) est un partenariat direct entre un groupe de consommateurs et un ou plusieurs agriculteur(s)<\/b>, qui fondent leurs \u00e9changes sur la relation humaine, en partageant les risques, les responsabilit\u00e9s et les fruits de l\u2019activit\u00e9 agricole, \u00e0 travers un engagement mutuel sur le long terme. <\/span><\/span><\/span><\/p>\n<p align=\"JUSTIFY\"><span style=\"color: #000000;\"><span style=\"font-family: Arial, sans-serif;\"><span style=\"font-size: large;\">URGENCI et ses membres pensent qu&rsquo;il est temps de porter la voix des ASC. Dans la derni\u00e8re ligne droite avant les \u00e9lections europ\u00e9ennes, les candidats doivent \u00e9couter attentivement la voix des mouvements de terrain. \u201c<i>Notre mouvement explose de cr\u00e9ativit\u00e9. Les innovations sociales viennent de toutes les directions! <\/i><i><b>Mais la sp\u00e9cificit\u00e9 de l&rsquo;ASC c&rsquo;est d&rsquo;\u00eatre un pas concret en avant vers un nouveau contrat social entre les producteurs et les soci\u00e9t\u00e9s qu&rsquo;ils nourrissent<\/b><\/i>\u201d<i>, <\/i>explique Mathias von Mirbach, un paysan allemand en ASC. <\/span><\/span><\/span><\/p>\n<p align=\"JUSTIFY\"><span style=\"color: #000000;\"><span style=\"font-family: Arial, sans-serif;\"><span style=\"font-size: large;\">L&rsquo;ASC est l&rsquo;un des outils les plus effectifs pour aider les paysans et les consommateurs conscients \u00e0 reprendre le contr\u00f4le des syst\u00e8mes alimentaires locaux et territoriaux. Le mod\u00e8le de l&rsquo;ASC est efficace en mati\u00e8re de gaspillage alimentaire, de pr\u00e9servation de l&rsquo;agrobiodiversit\u00e9 cultiv\u00e9e et de consolidation des \u00e9conomies et de l&#8217;emploi locaux. L&rsquo;apport nutritionnel des fruits et l\u00e9gumes produits de mani\u00e8re agro\u00e9cologique est maintenant reconnu la lutte contre les maladies non-transmissibles comme le diab\u00e8te, l&rsquo;ob\u00e9sit\u00e9, les maladies cardio-vasculaires et le cancer. Les initiatives d&rsquo;ASC contribuent de ce fait directement \u00e0 l&rsquo;am\u00e9lioration de la sant\u00e9 des citoyens europ\u00e9ens. Leurs contributions sociales et environnementales devraient \u00eatre davantage reconnues. Ainsi, les paiements directs et d&rsquo;autres mesures de soutien direct devraient \u00eatre orient\u00e9s vers les producteurs qui vendent en direct \u00e0 travers l&rsquo;ASC ou d&rsquo;autres mod\u00e8les de vente directe. <\/span><\/span><\/span><\/p>\n<p align=\"JUSTIFY\"><span style=\"color: #000000;\"><span style=\"font-family: Arial, sans-serif;\"><span style=\"font-size: large;\">Ces voix se joignent au vibrant appel <\/span><\/span><\/span><span style=\"color: #000000;\"><span style=\"font-family: Arial, sans-serif;\"><span style=\"font-size: large;\"><b>pour une <\/b><\/span><\/span><\/span><span style=\"color: #000000;\"><span style=\"font-family: Arial, sans-serif;\"><span style=\"font-size: large;\"><a href=\"http:\/\/www.ipes-food.org\/_img\/upload\/files\/CFP_ExecSummary_FR.pdf\">Politique alimentaire commune<\/a>: il existe un besoin urgent de r\u00e9parer le manque de coh\u00e9rence entre les politiques publiques men\u00e9es par les diff\u00e9rentes DG de la Commission europ\u00e9enne. Nous avons besoin de reconnecter l&rsquo;agriculture avec la sant\u00e9 et la nutrition, l&rsquo;inclusion sociale et l&rsquo;environnement. Il est vital pour des milliers de fermes en ASC \u00e0 travers l&rsquo;Europe que l&rsquo;agro\u00e9cologie et la durabilit\u00e9 soient promues comme principes dominants, et qu&rsquo;elles soient prioris\u00e9es par rapport \u00e0 l&rsquo;agriculture industrielle, \u00e0 sa logique de comp\u00e9tition et de profit. \u201c<\/span><\/span><\/span><span style=\"color: #000000;\"><span style=\"font-family: Arial, sans-serif;\"><span style=\"font-size: large;\"><i>En tant que composante du Mouvement Ny\u00e9l\u00e9ni Europe pour la Souverainet\u00e9 alimentaire, nous \u00a0 sommes convaincus qu&rsquo;il est \u00e9galement essentiel de placer les petits producteurs en agro\u00e9cologie au coeur du changement radical vers une Politique alimentaire commune\u201d, <\/i><\/span><\/span><\/span><span style=\"color: #000000;\"><span style=\"font-family: Arial, sans-serif;\"><span style=\"font-size: large;\">souligne Isabel Alvarez, Vice-Pr\u00e9sidente d&rsquo;URGENCI. <\/span><\/span><\/span><\/p>\n<p align=\"JUSTIFY\"><span style=\"color: #000000;\"><span style=\"font-family: Arial, sans-serif;\"><span style=\"font-size: large;\">Le temps d&rsquo;un changement radical est venu. Un changement qui est d\u00e9j\u00e0 bien engag\u00e9 dans le mouvement de l&rsquo;ASC. <\/span><\/span><\/span><\/p>\n<p align=\"JUSTIFY\"><span style=\"color: #000000;\"><span style=\"font-family: Arial, sans-serif;\"><span style=\"font-size: large;\">Contact: Jocelyn Parot, +33 6 84 68 52 82,<\/span><\/span><\/span><span style=\"font-family: Arial, sans-serif;\"><span style=\"font-size: x-large;\"> <a href=\"mailto:jocelyn.parot@urgenci.net\">jocelyn.parot@urgenci.net<\/a>, <a href=\"http:\/\/www.urgenci.net\/\">www.urgenci.net<\/a><\/span><\/span><\/p>\n","protected":false},"excerpt":{"rendered":"<p>URGENCI, le r\u00e9seau de l&rsquo;Agriculture soutenue par les citoyen-ne-s et ses r\u00e9seaux membres issus de 12 pays d&rsquo;Europe, viennent d&rsquo;organiser, les 14-16 mai 2019, une formation au plaidoyer europ\u00e9en \u00e0 Bruxelles. L&rsquo;occasion de prendre position sur la r\u00e9forme de la Politique agricole commune. L&rsquo;agriculture soutenue par les citoyen-ne-s (ASC) est un partenariat direct entre un&#8230; <\/p>\n<div class=\"clear\"><\/div>\n<p><a href=\"https:\/\/urgenci.net\/french\/le-mouvement-europeen-de-lagriculture-soutenue-par-les-citoyens-soutient-la-politique-alimentaire-et-agricole-commune-pour-une-transition-ecologique-radicale\/\" class=\"excerpt-read-more\">Read More<\/a><\/p>\n","protected":false},"author":2,"featured_media":5710,"comment_status":"closed","ping_status":"closed","sticky":true,"template":"","format":"standard","meta":{"footnotes":""},"categories":[4,5],"tags":[91,82,99,111],"class_list":["post-5709","post","type-post","status-publish","format-standard","has-post-thumbnail","hentry","category-blog","category-post-slider","tag-asc","tag-pac","tag-plaidoyer","tag-voices"],"_links":{"self":[{"href":"https:\/\/urgenci.net\/french\/wp-json\/wp\/v2\/posts\/5709","targetHints":{"allow":["GET"]}}],"collection":[{"href":"https:\/\/urgenci.net\/french\/wp-json\/wp\/v2\/posts"}],"about":[{"href":"https:\/\/urgenci.net\/french\/wp-json\/wp\/v2\/types\/post"}],"author":[{"embeddable":true,"href":"https:\/\/urgenci.net\/french\/wp-json\/wp\/v2\/users\/2"}],"replies":[{"embeddable":true,"href":"https:\/\/urgenci.net\/french\/wp-json\/wp\/v2\/comments?post=5709"}],"version-history":[{"count":2,"href":"https:\/\/urgenci.net\/french\/wp-json\/wp\/v2\/posts\/5709\/revisions"}],"predecessor-version":[{"id":5712,"href":"https:\/\/urgenci.net\/french\/wp-json\/wp\/v2\/posts\/5709\/revisions\/5712"}],"wp:featuredmedia":[{"embeddable":true,"href":"https:\/\/urgenci.net\/french\/wp-json\/wp\/v2\/media\/5710"}],"wp:attachment":[{"href":"https:\/\/urgenci.net\/french\/wp-json\/wp\/v2\/media?parent=5709"}],"wp:term":[{"taxonomy":"category","embeddable":true,"href":"https:\/\/urgenci.net\/french\/wp-json\/wp\/v2\/categories?post=5709"},{"taxonomy":"post_tag","embeddable":true,"href":"https:\/\/urgenci.net\/french\/wp-json\/wp\/v2\/tags?post=5709"}],"curies":[{"name":"wp","href":"https:\/\/api.w.org\/{rel}","templated":true}]}}