{"id":5754,"date":"2020-02-22T10:21:35","date_gmt":"2020-02-22T09:21:35","guid":{"rendered":"http:\/\/urgenci.net\/french\/?p=5754"},"modified":"2020-02-22T10:23:12","modified_gmt":"2020-02-22T09:23:12","slug":"urgenci-est-heureux-dinviter-tous-les-groupes-dasc-autour-du-monde-a-celebrer-la-journee-mondiale-de-lasc-internationalcsaday","status":"publish","type":"post","link":"https:\/\/urgenci.net\/french\/urgenci-est-heureux-dinviter-tous-les-groupes-dasc-autour-du-monde-a-celebrer-la-journee-mondiale-de-lasc-internationalcsaday\/","title":{"rendered":"URGENCI est heureux d&rsquo;inviter tous les groupes d&rsquo;ASC autour du monde \u00e0 c\u00e9l\u00e9brer la journ\u00e9e mondiale de l&rsquo;ASC #InternationalCSADay!"},"content":{"rendered":"<p align=\"JUSTIFY\">L&rsquo;agriculture soutenue par les citoyen-ne-s (ASC) est le nom que nous donnons \u00e0 une diversit\u00e9 d&rsquo;approches qui visent toutes au renforcement des relations directes entre paysan-ne-s en mangeurs-ses. Cela passe par le partage des risques et des b\u00e9n\u00e9fices. Il s&rsquo;agit l\u00e0 de l&rsquo;essence m\u00eame de l&rsquo;ASC.<\/p>\n<p align=\"JUSTIFY\">Le<b> #CSADay<\/b> (la journ\u00e9e de l&rsquo;ASC) a \u00e9t\u00e9 d&rsquo;abord lanc\u00e9e en 2015 par <a href=\"https:\/\/www.harvie.farm\/\" target=\"_blank\" rel=\"noopener noreferrer\"><u>Small Farm Central<\/u><\/a> comme une journ\u00e9e d&rsquo;engagement et de signature des contrats aux Etats-Unis. Depuis, l&rsquo;ASC a continu\u00e9 de cro\u00eetre comme un ph\u00e9nom\u00e8ne de dimension r\u00e9ellement mondiale, avec des des initiatives sur tous les continents, mobilisant bien plus de deux millions de consommateurs.<\/p>\n<p align=\"JUSTIFY\">#CSADay sera c\u00e9l\u00e9br\u00e9 cette ann\u00e9e aux Etats-Unis le 28 f\u00e9vrier. Pour la journ\u00e9e mondiale de l&rsquo;ASC, #InternationalCSADay, URGENCI a choisi de garder exactement la m\u00eame date: le 22 f\u00e9vrier est ainsi la date officielle de <strong>la #journ\u00e9emondialedelASC<\/strong>.<\/p>\n<p align=\"JUSTIFY\">URGENCI est<b> l&rsquo;organisation internationale <\/b>qui facilite les connexions entre les r\u00e9seaux nationaux et locaux existants \u00e0 travers la conviction partag\u00e9e dans les valeurs centrales de l&rsquo;Agro\u00e9cologie: la Souverainet\u00e9 alimentaire, l&rsquo;\u00e9conomie solidaire et la biodiversit\u00e9 cultiv\u00e9e. URGENCI soutient \u00e9galement la constitution des r\u00e9seaux r\u00e9gionaux et nationaux.<\/p>\n<p align=\"JUSTIFY\">La convention cadre d&rsquo;URGENCI avec l&rsquo;Organisation des Nations unies pour l&rsquo;alimentation et l&rsquo;agriculture (FAO)ainsi que le 7e Colloque international d&rsquo;URGENCI, la 4e Rencontre europ\u00e9enne des Mouvements de l&rsquo;ASC et la 2e Rencontre m\u00e9diterran\u00e9enne des Partenariats locaux et solidaires pour l&rsquo;Agro\u00e9cologie sont une preuve vivante que toute journ\u00e9e consacr\u00e9e \u00e0 l&rsquo;ASC doit \u00eatre internationale!<\/p>\n<p align=\"JUSTIFY\">Pour des milliers de paysans et de p\u00eacheurs \u00e0 travers le monde, #InternationalCSADay peut provoquer un r\u00e9el changement: engagez-vous et soutenez votre paysan local! Donnez une base solide aux fermes en ASC! #SolidBase<\/p>\n<p align=\"JUSTIFY\">Et pourquoi ne pas prendre avantage de la journ\u00e9e mondiale de l&rsquo;ASC pour en parler \u00e0 vos voisin-e-s, ami-e-s et coll\u00e8gues? ET s&rsquo;il n&rsquo;y a pas encore d&rsquo;ASC pr\u00e8s de chez vous, cr\u00e9ez-en votre propre ASC en 2020 avec le soutien de votre r\u00e9seau r\u00e9gional ou national!<\/p>\n<p align=\"JUSTIFY\">En Hongrie, l&rsquo;organisation membre d&rsquo;URGENCI, TVE, organise une journ\u00e9e sp\u00e9ciale en famille sur des fermes en ASC: <a href=\"https:\/\/tudatosvasarlo.hu\/\" target=\"_blank\" rel=\"noopener noreferrer\"><u>https:\/\/tudatosvasarlo.hu\/<\/u><\/a><\/p>\n<p align=\"JUSTIFY\">Dans d&rsquo;autres pays, il y aura des \u00e9changes de semences pour montrer le potential de l&rsquo;ASC pour faire plus que soutenir la relation producteur-consommateur, en devenant de v\u00e9ritables \u00ab\u00a0maisons de la semence\u00a0\u00bb!<\/p>\n<p align=\"JUSTIFY\"><img loading=\"lazy\" decoding=\"async\" class=\"alignnone wp-image-7605 aligncenter\" src=\"http:\/\/urgenci.net\/wp-content\/uploads\/2020\/02\/Urgenci_logo_light_green-ConvertImage-1-e1580723616358.png\" alt=\"\" width=\"315\" height=\"286\" \/><\/p>\n<p align=\"JUSTIFY\">Afin d&rsquo;en savoir plus sur l&rsquo;ASC dans diff\u00e9rentes parties du monde, allez faire un tour sur la carte de l&rsquo;ASC d&rsquo;URGENCI nouvellement cr\u00e9\u00e9e: <a href=\"http:\/\/urgenci.net\/csa-map\/\" target=\"_blank\" rel=\"noopener noreferrer\"><u>http:\/\/urgenci.net\/csa-map\/<\/u><\/a><\/p>\n<p align=\"JUSTIFY\">Vous y trouverez des articles sur l&rsquo;histoire et la situation du mouvement de l&rsquo;ASC dans diff\u00e9rentes parties du monde.<\/p>\n<p align=\"JUSTIFY\">Si vous voulez en savoir plus sur comment commencer et consolider un partenariat en ASC, visitez le Hub d&rsquo;URGENCI:\u00a0<a href=\"https:\/\/hub.urgenci.net\/\" target=\"_blank\" rel=\"noopener noreferrer\"><u>https:\/\/hub.urgenci.net\/<\/u><\/a>. Vous y trouverez des tutoriels, des enregistrements de webinaires, des livres, des guides des formateurs et des formatrices, et d&rsquo;autres mat\u00e9riels adapt\u00e9s pour vous aider.<\/p>\n<p align=\"JUSTIFY\"><strong>Voici quelques liens vers les vid\u00e9os tutorielles :<\/strong><\/p>\n<p align=\"JUSTIFY\">1. Comment commencer une ASC ?<\/p>\n<p align=\"JUSTIFY\"><a href=\"https:\/\/www.youtube.com\/watch?v=gdj74k-ikeM\" target=\"_blank\" rel=\"noopener noreferrer\"><u>https:\/\/www.youtube.com\/watch?v=gdj74k-ikeM<\/u><\/a><\/p>\n<p align=\"JUSTIFY\">2. Quelles sont les devoirs partag\u00e9s dans un partenariat en ASC?<\/p>\n<p align=\"JUSTIFY\"><a href=\"https:\/\/www.youtube.com\/watch?v=7-mKpOBny9c\" target=\"_blank\" rel=\"noopener noreferrer\"><u>https:\/\/www.youtube.com\/watch?v=7-mKpOBny9c<\/u><\/a><\/p>\n<p align=\"JUSTIFY\">3. Comment pouvez-vous organiser une distribution d&rsquo;ASC?<\/p>\n<p align=\"JUSTIFY\"><a href=\"https:\/\/www.youtube.com\/watch?v=422FMfU4mKw\" target=\"_blank\" rel=\"noopener noreferrer\"><u>https:\/\/www.youtube.com\/watch?v=422FMfU4mKw<\/u><\/a><\/p>\n<p align=\"JUSTIFY\">4. Les questions l\u00e9gales dans une ASC<\/p>\n<p align=\"JUSTIFY\"><a href=\"https:\/\/www.youtube.com\/watch?v=6Jx4pY17BZ0\" target=\"_blank\" rel=\"noopener noreferrer\"><u>https:\/\/www.youtube.com\/watch?v=6Jx4pY17BZ0<\/u><\/a><\/p>\n<p align=\"JUSTIFY\">5. Comment organiser la visite d&rsquo;une ferme en ASC?<\/p>\n<p align=\"JUSTIFY\"><a href=\"https:\/\/www.youtube.com\/watch?v=20NQLYmHDwU\" target=\"_blank\" rel=\"noopener noreferrer\"><u>https:\/\/www.youtube.com\/watch?v=20NQLYmHDwU<\/u><\/a><\/p>\n<p align=\"JUSTIFY\">6. L&rsquo;ASC du point de vue des consommateurs<\/p>\n<p align=\"JUSTIFY\"><a href=\"https:\/\/www.youtube.com\/watch?v=sEqn4T7XEAM\" target=\"_blank\" rel=\"noopener noreferrer\"><u>https:\/\/www.youtube.com\/watch?v=sEqn4T7XEAM<\/u><\/a><\/p>\n<p align=\"JUSTIFY\">7. Les finances de l&rsquo;ASC<\/p>\n<p align=\"JUSTIFY\"><a href=\"https:\/\/www.youtube.com\/watch?v=bPCp5tkaB0s\" target=\"_blank\" rel=\"noopener noreferrer\"><u>https:\/\/www.youtube.com\/watch?v=bPCp5tkaB0s<\/u><\/a><\/p>\n<p align=\"JUSTIFY\">8. Introduction \u00e0 l&rsquo;ASC et aux PLSA<\/p>\n<p align=\"JUSTIFY\"><a href=\"https:\/\/www.youtube.com\/watch?v=KaazZtN-1qM\" target=\"_blank\" rel=\"noopener noreferrer\"><u>https:\/\/www.youtube.com\/watch?v=KaazZtN-1qM<\/u><\/a><\/p>\n<p align=\"JUSTIFY\">9. La communication non-violente dans un groupe en ASC<\/p>\n<p align=\"JUSTIFY\"><a href=\"https:\/\/www.youtube.com\/watch?v=bPCp5tkaB0s\" target=\"_blank\" rel=\"noopener noreferrer\"><u>https:\/\/www.youtube.com\/watch?v=bPCp5tkaB0s<\/u><\/a><\/p>\n<p align=\"JUSTIFY\">10. L&rsquo;ASC: cultiver pour nourrir nos communaut\u00e9s<\/p>\n<p align=\"JUSTIFY\"><a href=\"https:\/\/www.youtube.com\/watch?v=CZiqQ6jzcf4\" target=\"_blank\" rel=\"noopener noreferrer\"><u>https:\/\/www.youtube.com\/watch?v=CZiqQ6jzcf4<\/u><\/a><\/p>\n<p align=\"JUSTIFY\">11. La communication sur les fermes en ASC<\/p>\n<p align=\"JUSTIFY\"><a href=\"https:\/\/www.youtube.com\/watch?v=JTcr4YTBMyc\" target=\"_blank\" rel=\"noopener noreferrer\"><u>https:\/\/www.youtube.com\/watch?v=JTcr4YTBMyc<\/u><\/a><\/p>\n<p align=\"JUSTIFY\">Cr\u00e9dit photo: Sara Meissner<\/p>\n<p align=\"JUSTIFY\">Contact pour la presse: Jocelyn Parot, <a href=\"mailto:jocelyn.parot@urgenci.net\" target=\"_blank\" rel=\"noopener noreferrer\"><u>jocelyn.parot@urgenci.net<\/u><\/a><\/p>\n<p align=\"JUSTIFY\">R\u00e9seaux sociaux : @urgenci1 sur Twitter ; \u00ab Urgenci, Community Supported Agriculture Around the World \u00bb sur Facebook.<\/p>\n<p align=\"JUSTIFY\">#InternationalCSADay<\/p>\n<p align=\"JUSTIFY\">#CSADay<\/p>\n<p align=\"JUSTIFY\">#CommunitySupportedAgriculture<\/p>\n<p align=\"JUSTIFY\">#SolidBase<\/p>\n<p align=\"JUSTIFY\">#Dynaversity<\/p>\n","protected":false},"excerpt":{"rendered":"<p>L&rsquo;agriculture soutenue par les citoyen-ne-s (ASC) est le nom que nous donnons \u00e0 une diversit\u00e9 d&rsquo;approches qui visent toutes au renforcement des relations directes entre paysan-ne-s en mangeurs-ses. Cela passe par le partage des risques et des b\u00e9n\u00e9fices. Il s&rsquo;agit l\u00e0 de l&rsquo;essence m\u00eame de l&rsquo;ASC. Le #CSADay (la journ\u00e9e de l&rsquo;ASC) a \u00e9t\u00e9 d&rsquo;abord&#8230; <\/p>\n<div class=\"clear\"><\/div>\n<p><a href=\"https:\/\/urgenci.net\/french\/urgenci-est-heureux-dinviter-tous-les-groupes-dasc-autour-du-monde-a-celebrer-la-journee-mondiale-de-lasc-internationalcsaday\/\" class=\"excerpt-read-more\">Read More<\/a><\/p>\n","protected":false},"author":2,"featured_media":5731,"comment_status":"closed","ping_status":"closed","sticky":true,"template":"","format":"standard","meta":{"footnotes":""},"categories":[4,5],"tags":[106,91,89,115,85],"class_list":["post-5754","post","type-post","status-publish","format-standard","has-post-thumbnail","hentry","category-blog","category-post-slider","tag-csaday","tag-asc","tag-csabeyondborders","tag-internationalcsaday","tag-solidbase"],"_links":{"self":[{"href":"https:\/\/urgenci.net\/french\/wp-json\/wp\/v2\/posts\/5754","targetHints":{"allow":["GET"]}}],"collection":[{"href":"https:\/\/urgenci.net\/french\/wp-json\/wp\/v2\/posts"}],"about":[{"href":"https:\/\/urgenci.net\/french\/wp-json\/wp\/v2\/types\/post"}],"author":[{"embeddable":true,"href":"https:\/\/urgenci.net\/french\/wp-json\/wp\/v2\/users\/2"}],"replies":[{"embeddable":true,"href":"https:\/\/urgenci.net\/french\/wp-json\/wp\/v2\/comments?post=5754"}],"version-history":[{"count":1,"href":"https:\/\/urgenci.net\/french\/wp-json\/wp\/v2\/posts\/5754\/revisions"}],"predecessor-version":[{"id":5755,"href":"https:\/\/urgenci.net\/french\/wp-json\/wp\/v2\/posts\/5754\/revisions\/5755"}],"wp:featuredmedia":[{"embeddable":true,"href":"https:\/\/urgenci.net\/french\/wp-json\/wp\/v2\/media\/5731"}],"wp:attachment":[{"href":"https:\/\/urgenci.net\/french\/wp-json\/wp\/v2\/media?parent=5754"}],"wp:term":[{"taxonomy":"category","embeddable":true,"href":"https:\/\/urgenci.net\/french\/wp-json\/wp\/v2\/categories?post=5754"},{"taxonomy":"post_tag","embeddable":true,"href":"https:\/\/urgenci.net\/french\/wp-json\/wp\/v2\/tags?post=5754"}],"curies":[{"name":"wp","href":"https:\/\/api.w.org\/{rel}","templated":true}]}}