{"id":5787,"date":"2020-06-30T09:40:18","date_gmt":"2020-06-30T07:40:18","guid":{"rendered":"http:\/\/urgenci.net\/french\/?p=5787"},"modified":"2020-06-30T09:40:18","modified_gmt":"2020-06-30T07:40:18","slug":"les-mobilisations-foncieres-locales-des-luttes-pour-la-terre-menees-sur-le-terrain","status":"publish","type":"post","link":"https:\/\/urgenci.net\/french\/les-mobilisations-foncieres-locales-des-luttes-pour-la-terre-menees-sur-le-terrain\/","title":{"rendered":"\u00ab\u00a0Les mobilisations fonci\u00e8res locales: des luttes pour la terre, men\u00e9es sur le terrain\u00a0\u00bb"},"content":{"rendered":"<p align=\"JUSTIFY\"><span style=\"font-family: Arial, sans-serif;\"><span style=\"font-size: large;\">\u00ab\u00a0Les mobilisations fonci\u00e8res locales: des luttes pour la terre, men\u00e9es sur le terrain\u00a0\u00bb\u00a0: <\/span><\/span><span style=\"font-family: Arial, sans-serif;\"><span style=\"font-size: large;\"><b>le webinaire 2 <\/b><\/span><\/span><span style=\"font-family: Arial, sans-serif;\"><span style=\"font-size: large;\">de <a href=\"https:\/\/www.facebook.com\/hashtag\/landstrat?__eep__=6&amp;source=feed_text&amp;epa=HASHTAG&amp;__xts__%5B0%5D=68.ARDVP4LEVwXsQDX-9Zd687rwdWU9DYglexCSQf9mK7dpyFUW6huViwObnVuzYo8imKHvBz2gh-mkn0FWiSx7rJ0XCWHlxjoZrxtIgRxHs20yL8dh2MCZCPVtYcuj7ZJX8ky6zIjn-g6Me4OI0E7zxb_PdtdIZckRxYCoqPftYNZLBf5kVJEDQvgUOgBmpMSiYc6O_JZYrgmQovtLwhnH5OijlyyzxF0K4V2TNk8g-wFgM39s3RDsRtrazs8SupJyrrxzPVS6wmNW1zY8ENw4Rf05rsztWVkI7UbqtlkobBUPvvlqUOAWdbP9ui2Y7X1Tmq655OBO9uJbIKyf-74aDWcvwA&amp;__tn__=%2ANK-R\">Land Strat<\/a> se tiendra<\/span><\/span><strong><span style=\"font-family: Arial, sans-serif;\"><span style=\"font-size: large;\"> jeudi 2 juillet, \u00e0 14h (CEST)<\/span><\/span><\/strong><span style=\"font-family: Arial, sans-serif;\"><span style=\"font-size: large;\">. <\/span><\/span><\/p>\n<p align=\"JUSTIFY\"><span style=\"font-family: Arial, sans-serif;\"><span style=\"font-size: large;\">Des intervenants avec une exp\u00e9rience directe des questions fonci\u00e8res agricoles partageront leurs connaissances et leurs pratiques\u00a0: Zoe Wrangler de <a href=\"https:\/\/www.facebook.com\/ecolandcoop\/?__tn__=K-R&amp;eid=ARBSWGUWxXNJ57hvkpfaJuB2EjuR3VDp7QTxOQAiffTlNIWwLl6A3saLB0ZhRW3frcMkZ84WXabPcnZT&amp;fref=mentions&amp;__xts__%5B0%5D=68.ARDVP4LEVwXsQDX-9Zd687rwdWU9DYglexCSQf9mK7dpyFUW6huViwObnVuzYo8imKHvBz2gh-mkn0FWiSx7rJ0XCWHlxjoZrxtIgRxHs20yL8dh2MCZCPVtYcuj7ZJX8ky6zIjn-g6Me4OI0E7zxb_PdtdIZckRxYCoqPftYNZLBf5kVJEDQvgUOgBmpMSiYc6O_JZYrgmQovtLwhnH5OijlyyzxF0K4V2TNk8g-wFgM39s3RDsRtrazs8SupJyrrxzPVS6wmNW1zY8ENw4Rf05rsztWVkI7UbqtlkobBUPvvlqUOAWdbP9ui2Y7X1Tmq655OBO9uJbIKyf-74aDWcvwA\">Ecological Land Cooperative<\/a> (UK), Fanny Metrat de la Conf\u00e9d\u00e9ration Paysanne (France) et Jan Valeska de <a href=\"https:\/\/www.facebook.com\/asociaceampi\/?__tn__=K-R&amp;eid=ARDtBDFcQWz2hW3-qgqhrqUky-LL6Yk6k3GPhyKHOgGA2rOKcZqFCwDN8BBhktBUdwHgJx7OyyuksWJ2&amp;fref=mentions&amp;__xts__%5B0%5D=68.ARDVP4LEVwXsQDX-9Zd687rwdWU9DYglexCSQf9mK7dpyFUW6huViwObnVuzYo8imKHvBz2gh-mkn0FWiSx7rJ0XCWHlxjoZrxtIgRxHs20yL8dh2MCZCPVtYcuj7ZJX8ky6zIjn-g6Me4OI0E7zxb_PdtdIZckRxYCoqPftYNZLBf5kVJEDQvgUOgBmpMSiYc6O_JZYrgmQovtLwhnH5OijlyyzxF0K4V2TNk8g-wFgM39s3RDsRtrazs8SupJyrrxzPVS6wmNW1zY8ENw4Rf05rsztWVkI7UbqtlkobBUPvvlqUOAWdbP9ui2Y7X1Tmq655OBO9uJbIKyf-74aDWcvwA\">AMPI<\/a> (R\u00e9publique tch\u00e8que).<\/span><\/span><\/p>\n<p align=\"JUSTIFY\"><em><span style=\"font-family: Arial, sans-serif;\"><span style=\"font-size: large;\">Une interpr\u00e9tation simultan\u00e9e sera offerte en anglais, fran\u00e7ais et espagnol.<\/span><\/span><\/em><\/p>\n<p align=\"JUSTIFY\"><strong><span style=\"font-family: Arial, sans-serif;\"><span style=\"font-size: large;\">Inscriptions sur: <a href=\"https:\/\/bit.ly\/3g2Dq54\">https:\/\/bit.ly\/3g2Dq54<\/a><\/span><\/span><\/strong><\/p>\n<p align=\"JUSTIFY\"><strong><span style=\"font-family: Arial, sans-serif;\"><span style=\"font-size: large;\">L&rsquo;enregistrement du webinaire 1<\/span><\/span><\/strong><span style=\"font-family: Arial, sans-serif;\"><span style=\"font-size: large;\"> est \u00e0 pr\u00e9sent disponible \u00e0 l&rsquo;adresse suivante: <a href=\"https:\/\/bit.ly\/381yBGA?fbclid=IwAR1gvUjXHxHhesjiYKzge6jyIpZSqSNPy0mlda8-PdW2OPtxUhLiEi5XM3o\" target=\"_blank\" rel=\"noopener noreferrer\">https:\/\/bit.ly\/381yBGA<\/a>. <\/span><\/span><\/p>\n<p align=\"JUSTIFY\"><strong><span style=\"font-family: Arial, sans-serif;\"><span style=\"font-size: large;\">Le webinaire 3 <\/span><\/span><\/strong><strong><span style=\"font-family: Arial, sans-serif;\"><span style=\"font-size: large;\">est pr\u00e9vu<\/span><\/span><\/strong><span style=\"font-family: Arial, sans-serif;\"><span style=\"font-size: large;\"> le 16 juillet, 14h (CEST, UTC+2). Il y sera question de \u00ab\u00a0l&rsquo;acc\u00e8s \u00e0 la terre pour les jeunes paysans-ne-s\u00a0\u00bb, avec <a href=\"https:\/\/www.facebook.com\/uniterre.uneagriculturedurable\/?__tn__=K-R&amp;eid=ARDf26LMkWSf-BOPNbwi4Qwn02qzzGWE1NX-Ugsg21Gf6kLBsgDAThZrxrO6Wim8fP7mjXEhliGWrs8z&amp;fref=mentions&amp;__xts__%5B0%5D=68.ARAw9L_3PArS3AMwfq0V0E9bHmWEw6g1KGWuf4fsGEv4kFOBY1clC1kZYnTDxic5x9_Qf9sWQuHnQcpjvL7LP7aRGCjZ_NvUXJjXYZddsijy1jInsG9V1gsUTux5Qi6eo6zl8ahsjicK2-wHNcYUdPbQRQrU_QamC01e9Rs3FsiXYL8IKZbD1XtTV4-YBnVi3LMe94Bic3I-aqL3TERvwT4Qn_4rJTPKWQN85REE9U7l2EvWYUFNNUzPprRNtk8JgZTDCvszTuaG2ZqYDhh0oV3DYa8pMHwVF4Rkd_7IZ_H-wRarsb4NRUVQ1e_CkoGcyrcexOhKVxLePURyXasqq-ypTw\">Uniterre Une Agriculture Durable<\/a> (Suisse) <a href=\"https:\/\/www.facebook.com\/Toekomstboeren\/?__tn__=K-R&amp;eid=ARDyH5Jc5J0XC2C9QidcoNZnooc0iKMaMk2lJ7kknWkVL3cZ0avWnOqrLTv2pa8npl0WwnT6UUTy9wAW&amp;fref=mentions&amp;__xts__%5B0%5D=68.ARAw9L_3PArS3AMwfq0V0E9bHmWEw6g1KGWuf4fsGEv4kFOBY1clC1kZYnTDxic5x9_Qf9sWQuHnQcpjvL7LP7aRGCjZ_NvUXJjXYZddsijy1jInsG9V1gsUTux5Qi6eo6zl8ahsjicK2-wHNcYUdPbQRQrU_QamC01e9Rs3FsiXYL8IKZbD1XtTV4-YBnVi3LMe94Bic3I-aqL3TERvwT4Qn_4rJTPKWQN85REE9U7l2EvWYUFNNUzPprRNtk8JgZTDCvszTuaG2ZqYDhh0oV3DYa8pMHwVF4Rkd_7IZ_H-wRarsb4NRUVQ1e_CkoGcyrcexOhKVxLePURyXasqq-ypTw\">Toekomstboeren<\/a> (Pays-Bas) et Rurbans (Espagne). L&rsquo;inscription pour le w\u00e9binaire 3: <a href=\"https:\/\/bit.ly\/2ViPl6U?fbclid=IwAR3DYTIeaB8vpUS_x7JeZvpqKxhD_L8C--3HwJWtghSUAfjdfzfoLxAwme0\" target=\"_blank\" rel=\"noopener noreferrer\">https:\/\/bit.ly\/2ViPl6U<\/a><\/span><\/span><\/p>\n<p align=\"JUSTIFY\"><span style=\"font-family: Arial, sans-serif;\"><span style=\"font-size: large;\">Venez nombreux-ses!<\/span><\/span><\/p>\n<p align=\"JUSTIFY\"><span style=\"font-family: Arial, sans-serif;\"><span style=\"font-size: large;\">Ces trois webinaires font partie du lancement du manuel <em><strong>Des terres en commun<\/strong><\/em>, publi\u00e9 par le Mouvement Ny\u00e9l\u00e9ni pour la Souverainet\u00e9 alimentaire en Europe et Asie centrale. Ce manuel pr\u00e9sente une diversit\u00e9 de strat\u00e9gies locales pour pr\u00e9server l&rsquo;acc\u00e8s \u00e0 la terre pour l&rsquo;agriculture paysanne et l&rsquo;agro\u00e9cologie. Vous pouvez t\u00e9l\u00e9charger le manuel en cliquant<a href=\"https:\/\/www.eurovia.org\/wp-content\/uploads\/2020\/05\/FR-Your_Land_My_Land_Our_Land1.pdf\"> ici<\/a>.<\/span><\/span><\/p>\n","protected":false},"excerpt":{"rendered":"<p>\u00ab\u00a0Les mobilisations fonci\u00e8res locales: des luttes pour la terre, men\u00e9es sur le terrain\u00a0\u00bb\u00a0: le webinaire 2 de Land Strat se tiendra jeudi 2 juillet, \u00e0 14h (CEST). Des intervenants avec une exp\u00e9rience directe des questions fonci\u00e8res agricoles partageront leurs connaissances et leurs pratiques\u00a0: Zoe Wrangler de Ecological Land Cooperative (UK), Fanny Metrat de la Conf\u00e9d\u00e9ration&#8230; <\/p>\n<div class=\"clear\"><\/div>\n<p><a href=\"https:\/\/urgenci.net\/french\/les-mobilisations-foncieres-locales-des-luttes-pour-la-terre-menees-sur-le-terrain\/\" class=\"excerpt-read-more\">Read More<\/a><\/p>\n","protected":false},"author":2,"featured_media":5788,"comment_status":"closed","ping_status":"closed","sticky":true,"template":"","format":"standard","meta":{"footnotes":""},"categories":[4,5],"tags":[],"class_list":["post-5787","post","type-post","status-publish","format-standard","has-post-thumbnail","hentry","category-blog","category-post-slider"],"_links":{"self":[{"href":"https:\/\/urgenci.net\/french\/wp-json\/wp\/v2\/posts\/5787","targetHints":{"allow":["GET"]}}],"collection":[{"href":"https:\/\/urgenci.net\/french\/wp-json\/wp\/v2\/posts"}],"about":[{"href":"https:\/\/urgenci.net\/french\/wp-json\/wp\/v2\/types\/post"}],"author":[{"embeddable":true,"href":"https:\/\/urgenci.net\/french\/wp-json\/wp\/v2\/users\/2"}],"replies":[{"embeddable":true,"href":"https:\/\/urgenci.net\/french\/wp-json\/wp\/v2\/comments?post=5787"}],"version-history":[{"count":1,"href":"https:\/\/urgenci.net\/french\/wp-json\/wp\/v2\/posts\/5787\/revisions"}],"predecessor-version":[{"id":5789,"href":"https:\/\/urgenci.net\/french\/wp-json\/wp\/v2\/posts\/5787\/revisions\/5789"}],"wp:featuredmedia":[{"embeddable":true,"href":"https:\/\/urgenci.net\/french\/wp-json\/wp\/v2\/media\/5788"}],"wp:attachment":[{"href":"https:\/\/urgenci.net\/french\/wp-json\/wp\/v2\/media?parent=5787"}],"wp:term":[{"taxonomy":"category","embeddable":true,"href":"https:\/\/urgenci.net\/french\/wp-json\/wp\/v2\/categories?post=5787"},{"taxonomy":"post_tag","embeddable":true,"href":"https:\/\/urgenci.net\/french\/wp-json\/wp\/v2\/tags?post=5787"}],"curies":[{"name":"wp","href":"https:\/\/api.w.org\/{rel}","templated":true}]}}