{"id":5818,"date":"2021-02-02T15:27:20","date_gmt":"2021-02-02T14:27:20","guid":{"rendered":"http:\/\/urgenci.net\/french\/?p=5818"},"modified":"2021-02-05T09:12:21","modified_gmt":"2021-02-05T08:12:21","slug":"luttes-pour-la-terre-et-politiques-foncieres-en-europe-centrale-et-orientale","status":"publish","type":"post","link":"https:\/\/urgenci.net\/french\/luttes-pour-la-terre-et-politiques-foncieres-en-europe-centrale-et-orientale\/","title":{"rendered":"Luttes pour la terre et politiques fonci\u00e8res en Europe centrale et orientale"},"content":{"rendered":"<p><em><b><span lang=\"FR-BE\">W\u00e9binaire Land Strat Saison 2, Episode 3 |08\/2\/21 @ 14h-15h30 (CET, UTC+1 &#8211; Bruxelles)<\/span><\/b><\/em><\/p>\n<p>La Saison 2 du cycle de w\u00e9binaires du M<span lang=\"FR-BE\">ouvement Ny\u00e9l\u00e9ni pour la souverainet\u00e9 alimentaire en Europe et en Asie centrale<\/span> bat son plein!<\/p>\n<p><span lang=\"FR-BE\">L&rsquo;\u00e9pisode 3 portera sur \u00ab\u00a0Les luttes pour la terre et les politiques fonci\u00e8res en Europe centrale et orientale\u00a0\u00bb. Au cours de cette discussion, des intervenants de V\u00e9degylet (Hongrie), l&rsquo;Universit\u00e9 d&rsquo;Agriculture de Nitra (Slovaquie) et de Ny\u00e9l\u00e9ni Polska (Pologne) partageront leurs exp\u00e9riences et leurs visions du d\u00e9bat actuel autour des politiques fonci\u00e8res, autour de l&rsquo;accaparement des terres et de l&rsquo;acc\u00e8s \u00e0 la terre pour l&rsquo;agro\u00e9cologie et l&rsquo;agriculture paysanne dans leurs propres pays. Le w\u00e9binaire sera int\u00e9gralement interpr\u00e9t\u00e9 en fran\u00e7ais. Inscriptions \u00e0 l&rsquo;avance obligatoires ici:\u00a0<\/span><a href=\"https:\/\/zoom.us\/webinar\/register\/WN_Zi2W6rGaShGX_e0uTifg8w\">https:\/\/zoom.us\/webinar\/register\/WN_Zi2W6rGaShGX_e0uTifg8w <\/a><\/p>\n<p><u><span lang=\"FR-BE\">Autres liens utiles<\/span><\/u><\/p>\n<ul type=\"disc\">\n<li><span lang=\"FR-BE\">Ce w\u00e9binaire a \u00e9t\u00e9 con\u00e7u dans le cadre d\u2019un <\/span><a href=\"https:\/\/www.accesstoland.eu\/Collaborative-Learning-About-Innovative-Land-Strategies\"><span lang=\"FR-BE\">projet sur les Strat\u00e9gies fonci\u00e8res innovantes<\/span><\/a><span lang=\"FR-BE\"> (Erasmus +).<\/span><\/li>\n<li><span lang=\"FR-BE\">Le manuel sur les strat\u00e9gies d&rsquo;acc\u00e8s \u00e0 la terre est disponible <\/span><a href=\"https:\/\/www.eurovia.org\/wp-content\/uploads\/2020\/05\/FR-Your_Land_My_Land_Our_Land1.pdf\">ici<\/a><span lang=\"FR-BE\">. <\/span><\/li>\n<li><span lang=\"FR-BE\">Les w\u00e9binaires pr\u00e9c\u00e9dents peuvent \u00eatre consult\u00e9s gr\u00e2ce aux liens suivants: Saison 1, w\u00e9binaire 1: <a href=\"https:\/\/www.accesstoland.eu\/-Land-Strategies-Webinar-Series\">https:\/\/www.accesstoland.eu\/-Land-Strategies-Webinar-Series<\/a> ; Saison 1, w\u00e9binaire 2: <a href=\"https:\/\/www.youtube.com\/watch?v=tOfB1EazKGo\">https:\/\/www.youtube.com\/watch?v=tOfB1EazKGo<\/a> ; Saison 2, w\u00e9binaire 1: <a href=\"https:\/\/www.youtube.com\/watch?v=d1jT-i2sI3I\">https:\/\/www.youtube.com\/watch?v=d1jT-i2sI3I<\/a>; Saison 2, w\u00e9binaire 2: <a href=\"https:\/\/orfc.org.uk\/session\/the-financialisation-of-land-sales\/\">https:\/\/orfc.org.uk\/session\/the-financialisation-of-land-sales\/<\/a><\/span><\/li>\n<\/ul>\n","protected":false},"excerpt":{"rendered":"<p>W\u00e9binaire Land Strat Saison 2, Episode 3 |08\/2\/21 @ 14h-15h30 (CET, UTC+1 &#8211; Bruxelles) La Saison 2 du cycle de w\u00e9binaires du Mouvement Ny\u00e9l\u00e9ni pour la souverainet\u00e9 alimentaire en Europe et en Asie centrale bat son plein! L&rsquo;\u00e9pisode 3 portera sur \u00ab\u00a0Les luttes pour la terre et les politiques fonci\u00e8res en Europe centrale et orientale\u00a0\u00bb&#8230;. <\/p>\n<div class=\"clear\"><\/div>\n<p><a href=\"https:\/\/urgenci.net\/french\/luttes-pour-la-terre-et-politiques-foncieres-en-europe-centrale-et-orientale\/\" class=\"excerpt-read-more\">Read More<\/a><\/p>\n","protected":false},"author":2,"featured_media":5822,"comment_status":"closed","ping_status":"closed","sticky":true,"template":"","format":"standard","meta":{"footnotes":""},"categories":[4,5],"tags":[],"class_list":["post-5818","post","type-post","status-publish","format-standard","has-post-thumbnail","hentry","category-blog","category-post-slider"],"_links":{"self":[{"href":"https:\/\/urgenci.net\/french\/wp-json\/wp\/v2\/posts\/5818","targetHints":{"allow":["GET"]}}],"collection":[{"href":"https:\/\/urgenci.net\/french\/wp-json\/wp\/v2\/posts"}],"about":[{"href":"https:\/\/urgenci.net\/french\/wp-json\/wp\/v2\/types\/post"}],"author":[{"embeddable":true,"href":"https:\/\/urgenci.net\/french\/wp-json\/wp\/v2\/users\/2"}],"replies":[{"embeddable":true,"href":"https:\/\/urgenci.net\/french\/wp-json\/wp\/v2\/comments?post=5818"}],"version-history":[{"count":1,"href":"https:\/\/urgenci.net\/french\/wp-json\/wp\/v2\/posts\/5818\/revisions"}],"predecessor-version":[{"id":5820,"href":"https:\/\/urgenci.net\/french\/wp-json\/wp\/v2\/posts\/5818\/revisions\/5820"}],"wp:featuredmedia":[{"embeddable":true,"href":"https:\/\/urgenci.net\/french\/wp-json\/wp\/v2\/media\/5822"}],"wp:attachment":[{"href":"https:\/\/urgenci.net\/french\/wp-json\/wp\/v2\/media?parent=5818"}],"wp:term":[{"taxonomy":"category","embeddable":true,"href":"https:\/\/urgenci.net\/french\/wp-json\/wp\/v2\/categories?post=5818"},{"taxonomy":"post_tag","embeddable":true,"href":"https:\/\/urgenci.net\/french\/wp-json\/wp\/v2\/tags?post=5818"}],"curies":[{"name":"wp","href":"https:\/\/api.w.org\/{rel}","templated":true}]}}