{"id":5834,"date":"2021-02-22T14:34:41","date_gmt":"2021-02-22T13:34:41","guid":{"rendered":"http:\/\/urgenci.net\/french\/?p=5834"},"modified":"2021-02-22T14:42:33","modified_gmt":"2021-02-22T13:42:33","slug":"fetons-la-journee-et-la-semaine-de-lasc","status":"publish","type":"post","link":"https:\/\/urgenci.net\/french\/fetons-la-journee-et-la-semaine-de-lasc\/","title":{"rendered":"F\u00eatons la journ\u00e9e (et la semaine) de l&rsquo;ASC !"},"content":{"rendered":"<p>L\u2019agriculture soutenue par les citoyen-ne-s (ASC) est le nom que nous donnons \u00e0 une diversit\u00e9 d\u2019approches qui visent toutes au renforcement des relations directes entre paysan-ne-s en mangeurs-ses. Cela passe par le partage des risques et des b\u00e9n\u00e9fices. Il s\u2019agit l\u00e0 de l\u2019essence m\u00eame de l\u2019ASC.<\/p>\n<h1>La journ\u00e9e mondiale de l&rsquo;ASC, qu&rsquo;est-ce que c&rsquo;est?<\/h1>\n<p><strong>#CSADay<\/strong> (la journ\u00e9e de l\u2019ASC) a d\u2019abord \u00e9t\u00e9 lanc\u00e9e en 2015 par <a href=\"https:\/\/www.harvie.farm\/\">Small Farm Central<\/a> comme une journ\u00e9e d\u2019engagement et de signature des contrats aux Etats-Unis. Depuis, l\u2019ASC a continu\u00e9 de cro\u00eetre comme un ph\u00e9nom\u00e8ne de dimension r\u00e9ellement mondiale, avec des des initiatives sur tous les continents, mobilisant bien plus de deux millions de consommateurs.<\/p>\n<p>Depuis 2019, le 22 f\u00e9vrier est la date officielle choisie par Urgenci pour <strong>la #journ\u00e9emondialedelASC<\/strong>.<\/p>\n<p>Urgenci est<strong> l\u2019organisation internationale <\/strong>qui facilite les connexions entre les r\u00e9seaux nationaux et locaux existants \u00e0 travers la conviction partag\u00e9e dans les valeurs centrales de l\u2019Agro\u00e9cologie : la Souverainet\u00e9 alimentaire, l\u2019\u00e9conomie solidaire et la biodiversit\u00e9 cultiv\u00e9e. Urgenci soutient \u00e9galement la constitution des r\u00e9seaux r\u00e9gionaux et nationaux.<\/p>\n<p>La convention cadre d\u2019Urgenci avec l\u2019Organisation des Nations unies pour l\u2019alimentation et l\u2019agriculture (FAO) renouvel\u00e9e \u00e0 l\u2019automne 2020, ainsi que les Colloques internationaux d\u2019Urgenci, les Rencontres europ\u00e9ennes des Mouvements de l\u2019ASC et les Rencontre m\u00e9diterran\u00e9ennes des Partenariats locaux et solidaires pour l\u2019Agro\u00e9cologie sont une preuve vivante que toute journ\u00e9e consacr\u00e9e \u00e0 l\u2019ASC doit \u00eatre internationale !<\/p>\n<p>Pour des milliers de paysans et de p\u00eacheurs \u00e0 travers le monde,<strong> #InternationalCSADay<\/strong> peut provoquer un r\u00e9el changement : engagez-vous et soutenez votre paysan local ! Et pourquoi ne pas prendre avantage de la journ\u00e9e mondiale de l\u2019ASC pour en parler \u00e0 vos voisin-e-s, ami-e-s et coll\u00e8gues ? ET s\u2019il n\u2019y a pas encore d\u2019ASC pr\u00e8s de chez vous, cr\u00e9ez-en votre propre ASC en 2020 avec le soutien de votre r\u00e9seau r\u00e9gional ou national !<\/p>\n<p><img loading=\"lazy\" decoding=\"async\" class=\"alignnone size-medium wp-image-5744 aligncenter\" src=\"https:\/\/urgenci.net\/french\/wp-content\/uploads\/2020\/02\/Urgenci_logo_light_green-ConvertImage-300x273.png\" alt=\"\" width=\"300\" height=\"273\" srcset=\"https:\/\/urgenci.net\/french\/wp-content\/uploads\/2020\/02\/Urgenci_logo_light_green-ConvertImage-300x273.png 300w, https:\/\/urgenci.net\/french\/wp-content\/uploads\/2020\/02\/Urgenci_logo_light_green-ConvertImage-768x698.png 768w, https:\/\/urgenci.net\/french\/wp-content\/uploads\/2020\/02\/Urgenci_logo_light_green-ConvertImage-618x562.png 618w, https:\/\/urgenci.net\/french\/wp-content\/uploads\/2020\/02\/Urgenci_logo_light_green-ConvertImage-600x545.png 600w, https:\/\/urgenci.net\/french\/wp-content\/uploads\/2020\/02\/Urgenci_logo_light_green-ConvertImage.png 1274w\" sizes=\"auto, (max-width: 300px) 100vw, 300px\" \/><\/p>\n<h1>La journ\u00e9e mondiale de l&rsquo;ASC: qu&rsquo;est-ce qu&rsquo;on fait?<\/h1>\n<p>Voici quelques activit\u00e9s pr\u00e9vues dans le cadre de #CSADay et de #CSAWeek.<\/p>\n<ul>\n<li><strong>Aux Etats-Unis<\/strong>, le r\u00e9seau de l\u2019ASC, <em>CSA Innovation Network, <\/em>va aller plus loin et organiser une semaine enti\u00e8re de l\u2019ASC, #CSAWeek (22-28 F\u00e9vrier) :<\/li>\n<\/ul>\n<p><a href=\"https:\/\/www.csainnovationnetwork.org\/csa-week\">https:\/\/www.csainnovationnetwork.org\/csa-week<\/a><\/p>\n<ul>\n<li><strong>En Hongrie<\/strong>, l\u2019organisation membre d\u2019Urgenci, TVE, organise une journ\u00e9e des femilles sur des fermes en ASC\u00a0: <a href=\"https:\/\/tudatosvasarlo.hu\/\">https:\/\/tudatosvasarlo.hu\/<\/a><\/li>\n<\/ul>\n<p>Cette ann\u00e9e, le focus th\u00e9matique en Hongrie est la r\u00e9silience des initiatives d\u2019ASC en temps de crise. Les r\u00e9sultats de l\u2019enqu\u00eate d\u2019Urgenci \u00ab Mettre en \u0153uvre la r\u00e9silience, la r\u00e9ponse des partenariats locaux et solidaires pour l\u2019agro\u00e9cologie \u00e0 la crise du coronavirus\u00a0\u00bb seront mis en avant et partag\u00e9s\u00a0: <u><a href=\"https:\/\/bit.ly\/3kfhjvX\">https:\/\/bit.ly\/3kfhjvX<\/a><\/u><\/p>\n<ul>\n<li><strong>En R\u00e9publique tch\u00e8que<\/strong>, un w\u00e9binaire pour celles et ceux qui d\u00e9butent en ASC est planifi\u00e9 pour le 25 f\u00e9vrier \u2013\u00a0<a href=\"https:\/\/kpzinfo.cz\/akce\/webinar-zapoj-se-do-kpz\/\">Be part of CSA<\/a>. Des articles sont publi\u00e9s (<a href=\"https:\/\/www.asociaceampi.cz\/blog\/piseme-my\/najdi-si-sveho-zemedelce-nebo-komunitu\/\">\u201cFind your farmer or food community\u201d<\/a>), des publications sur les reseaux sociaux sont partag\u00e9s sur le site du r\u00e9seau tch\u00e8que <a href=\"https:\/\/www.facebook.com\/kpzky\">KPZky<\/a>\u00a0et des vid\u00e9os sur l\u2019ASC sont partag\u00e9es sur la cha\u00eene Youtube d\u2019Ampi\u00a0: <a href=\"https:\/\/www.youtube.com\/channel\/UClrU9ecpy9Jd6nN-JK1VYfg\">AMPl<\/a>.<\/li>\n<\/ul>\n<p>Voici une liste de films tch\u00e8ques sur l\u2019ASC, avec des sous-titres en anglais:<\/p>\n<ul>\n<li>Ferme tch\u00e8que en ASC \u2013 Farma Lukava\u00a0<a href=\"https:\/\/www.youtube.com\/watch?v=E6X8z43jhgk&amp;list=PLeri2TtW0ykaUorteR-bvkOajNxCMuOnX\">https:\/\/www.youtube.com\/watch?v=E6X8z43jhgk&amp;list=PLeri2TtW0ykaUorteR-bvkOajNxCMuOnX<\/a><\/li>\n<li>Des paysans en agro\u00e9cologie en action\u00a0:\u00a0<a href=\"https:\/\/www.youtube.com\/watch?v=WEpnbrPyvE0&amp;list=PLeri2TtW0ykaUorteR-bvkOajNxCMuOnX&amp;index=2\">https:\/\/www.youtube.com\/watch?v=WEpnbrPyvE0&amp;list=PLeri2TtW0ykaUorteR-bvkOajNxCMuOnX&amp;index=2<\/a><\/li>\n<li>5 vid\u00e9os tr\u00e8s courtes (2 minutes) sur les principes de l\u2019ASC:\u00a0<a href=\"https:\/\/www.youtube.com\/watch?v=49n-K909W9E&amp;list=PLeri2TtW0ykYLSW1p83qFqj9EOdCJyALV\">https:\/\/www.youtube.com\/watch?v=49n-K909W9E&amp;list=PLeri2TtW0ykYLSW1p83qFqj9EOdCJyALV<\/a><\/li>\n<\/ul>\n<p>&nbsp;<\/p>\n<ul>\n<li><strong>En Ukraine<\/strong>, le 27 f\u00e9vrier, aura lieu une conf\u00e9rence majeure \u00ab\u00a0Lancement de l\u2019ASC en Ukraine\u00a0\u00bb, avec des intervenants d\u2019horizons vari\u00e9s, y compris du r\u00e9seau allemand Solawi\u00a0: <a href=\"https:\/\/bit.ly\/2ZsvHHq\">https:\/\/bit.ly\/2ZsvHHq<\/a><\/li>\n<\/ul>\n<p>&nbsp;<\/p>\n<ul>\n<li>Urgenci accueillera \u00e9galement un<strong> w\u00e9binaire sur la politique fonci\u00e8re pour une transition agro\u00e9cologique en Europe<\/strong>, avec Beno\u00eet Biteau, Membre du Parlement europ\u00e9en, et Guillaume Cros, du Comit\u00e9 europ\u00e9en des R\u00e9gions, ainsi que des voix des organisations paysannes et de la soci\u00e9t\u00e9 civile : <a href=\"https:\/\/bit.ly\/3ubX8n5\">https:\/\/bit.ly\/3ubX8n5<\/a><\/li>\n<\/ul>\n<p><img loading=\"lazy\" decoding=\"async\" class=\"alignnone size-medium wp-image-5825 aligncenter\" src=\"https:\/\/urgenci.net\/french\/wp-content\/uploads\/2021\/02\/logo-Dynaversity-800-246x300.png\" alt=\"\" width=\"246\" height=\"300\" srcset=\"https:\/\/urgenci.net\/french\/wp-content\/uploads\/2021\/02\/logo-Dynaversity-800-246x300.png 246w, https:\/\/urgenci.net\/french\/wp-content\/uploads\/2021\/02\/logo-Dynaversity-800-461x562.png 461w, https:\/\/urgenci.net\/french\/wp-content\/uploads\/2021\/02\/logo-Dynaversity-800-768x936.png 768w, https:\/\/urgenci.net\/french\/wp-content\/uploads\/2021\/02\/logo-Dynaversity-800-600x731.png 600w, https:\/\/urgenci.net\/french\/wp-content\/uploads\/2021\/02\/logo-Dynaversity-800.png 800w\" sizes=\"auto, (max-width: 246px) 100vw, 246px\" \/><\/p>\n<h1>La journ\u00e9e mondiale de l&rsquo;ASC: qu&rsquo;est-ce qu&rsquo;on gagne?<\/h1>\n<p>Urgenci et ses alli\u00e9s ont \u00e9t\u00e9 tr\u00e8s actifs dans la production de <strong>supports de communication<\/strong> r\u00e9cemment, et nombreux sont ceux \u00e0 partager, en particulier sur deux sujets, o\u00f9 les ASC sont tr\u00e8s actives\u00a0: <strong>la biodiversit\u00e9 cultiv\u00e9e <\/strong>et <strong>l\u2019acc\u00e8s \u00e0 la terre. <\/strong><\/p>\n<p>Concernant la <strong>biodiversit\u00e9 cultiv\u00e9e<\/strong> : l\u2019\u00e9quipe d\u2019Urgenci est heureuse de partager les r\u00e9sultats de la recherche conduite en 2018-2019 sur l\u2019ASC et la biodiversit\u00e9 cultiv\u00e9e\u00a0: <a href=\"https:\/\/urgenci.net\/csa-and-cultivated-biodiversity-a-missed-rendezvous\/\">https:\/\/urgenci.net\/csa-and-cultivated-biodiversity-a-missed-rendezvous\/<\/a><\/p>\n<p>De nombreuses mises \u00e0 jour ont \u00e9t\u00e9 r\u00e9alis\u00e9es r\u00e9cemment sur les site du projet Dynaversity r\u00e9cemment, en particulier\u00a0:<\/p>\n<p>\u2013 <strong><em>Publications <\/em><\/strong>: prenez un moment pour consulter cette section actualis\u00e9e avec nombre de documents utiles. Les derni\u00e8res mises en ligne ont concern\u00e9 deux manuels sur les Maisons de la semence (Community Seed Banks)\u00a0: <a href=\"http:\/\/dynaversity.eu\/publications\/\">http:\/\/dynaversity.eu\/publications\/<\/a><\/p>\n<p>\u2013 <strong><em>Blog <\/em><\/strong>: <u><a href=\"http:\/\/dynaversity.eu\/blog\/\">http:\/\/dynaversity.eu\/blog\/<\/a><\/u><\/p>\n<p>\u2013 <strong><em>Case studies :<\/em><\/strong> <u><a href=\"http:\/\/dynaversity.eu\/case-studies-full\/\">http:\/\/dynaversity.eu\/case-studies-full\/<\/a><\/u><\/p>\n<p>Vous pouvez \u00e9galement visionner les 10 nouvelles vid\u00e9os publi\u00e9es sur Urgenci TV, notre cha\u00eene vid\u00e9o, entre autres sur le r\u00f4le de l\u2019ASC dans la gestion \u00e0 la ferme de la biodiversit\u00e9 cultiv\u00e9e et les droits des paysans aux semences. Choisissez pour cela la playlist \u00ab\u00a0<strong>tutoriels<\/strong>\u00a0\u00bb <strong>:<\/strong><\/p>\n<p><a href=\"https:\/\/www.youtube.com\/watch?v=8cB4kojNUqY&amp;list=PLUyT7_Ad3oJJ9PSnkZDZoNYio0WK9_1g0\">https:\/\/www.youtube.com\/watch?v=8cB4kojNUqY&amp;list=PLUyT7_Ad3oJJ9PSnkZDZoNYio0WK9_1g0<\/a><\/p>\n<p>Sur la m\u00eame cha\u00eene, vous pouvez \u00e9galement s\u00e9lectionner la playlist \u00a0\u00ab\u00a0<strong>w\u00e9binaires <\/strong>\u00bb, organis\u00e9s par le consortium \u00a0\u00ab\u00a0Apprentissage collaboratif sur les strat\u00e9gies fonci\u00e8res innovantes<strong>\u00a0\u00bb<\/strong>: <a href=\"https:\/\/www.youtube.com\/watch?v=Mbm5zpyiu-A\">https:\/\/www.youtube.com\/watch?v=Mbm5zpyiu-A<\/a><\/p>\n<p>Afin d\u2019en savoir plus sur l\u2019ASC dans diff\u00e9rentes parties du monde, allez faire un tour sur la carte de l\u2019ASC d\u2019Urgenci : <a href=\"http:\/\/urgenci.net\/csa-map\/\">http:\/\/urgenci.net\/csa-map\/<\/a><\/p>\n<p>Vous y trouverez des articles sur l\u2019histoire et la situation du mouvement de l\u2019ASC dans diff\u00e9rentes parties du monde.<\/p>\n<p>Si vous voulez en savoir plus sur comment commencer et consolider un partenariat en ASC, visitez le Hub d\u2019Urgenci :\u00a0<a href=\"https:\/\/hub.urgenci.net\/\">https:\/\/hub.urgenci.net\/<\/a>. Vous y trouverez des tutoriels, des enregistrements de webinaires, des livres, des guides des formateurs et des formatrices, et d\u2019autres mat\u00e9riels adapt\u00e9s pour vous aider.<\/p>\n<p>Cr\u00e9dits photo: Jocelyn Parot.<\/p>\n<p>Contact pour la presse: Jocelyn Parot, <a href=\"mailto:jocelyn.parot@urgenci.net\">jocelyn.parot@urgenci.net<\/a><\/p>\n<p>R\u00e9seaux sociaux : @urgenci1 sur Twitter ; \u00ab Urgenci, Community Supported Agriculture Around the World \u00bb sur Facebook.<\/p>\n<p>#InternationalCSADay<\/p>\n<p>#CSADay<\/p>\n<p>#JourneedelASC<\/p>\n<p>#CommunitySupportedAgriculture<\/p>\n<p>#Dynaversity<\/p>\n<p><img loading=\"lazy\" decoding=\"async\" class=\"size-medium wp-image-4298 aligncenter\" src=\"https:\/\/urgenci.net\/french\/wp-content\/uploads\/2015\/02\/erasmus-logo1-300x169.png\" alt=\"\" width=\"300\" height=\"169\" srcset=\"https:\/\/urgenci.net\/french\/wp-content\/uploads\/2015\/02\/erasmus-logo1-300x169.png 300w, https:\/\/urgenci.net\/french\/wp-content\/uploads\/2015\/02\/erasmus-logo1.png 480w\" sizes=\"auto, (max-width: 300px) 100vw, 300px\" \/><\/p>\n","protected":false},"excerpt":{"rendered":"<p>L\u2019agriculture soutenue par les citoyen-ne-s (ASC) est le nom que nous donnons \u00e0 une diversit\u00e9 d\u2019approches qui visent toutes au renforcement des relations directes entre paysan-ne-s en mangeurs-ses. Cela passe par le partage des risques et des b\u00e9n\u00e9fices. Il s\u2019agit l\u00e0 de l\u2019essence m\u00eame de l\u2019ASC. La journ\u00e9e mondiale de l&rsquo;ASC, qu&rsquo;est-ce que c&rsquo;est? #CSADay&#8230; <\/p>\n<div class=\"clear\"><\/div>\n<p><a href=\"https:\/\/urgenci.net\/french\/fetons-la-journee-et-la-semaine-de-lasc\/\" class=\"excerpt-read-more\">Read More<\/a><\/p>\n","protected":false},"author":2,"featured_media":5835,"comment_status":"closed","ping_status":"closed","sticky":true,"template":"","format":"standard","meta":{"footnotes":""},"categories":[4,5],"tags":[],"class_list":["post-5834","post","type-post","status-publish","format-standard","has-post-thumbnail","hentry","category-blog","category-post-slider"],"_links":{"self":[{"href":"https:\/\/urgenci.net\/french\/wp-json\/wp\/v2\/posts\/5834","targetHints":{"allow":["GET"]}}],"collection":[{"href":"https:\/\/urgenci.net\/french\/wp-json\/wp\/v2\/posts"}],"about":[{"href":"https:\/\/urgenci.net\/french\/wp-json\/wp\/v2\/types\/post"}],"author":[{"embeddable":true,"href":"https:\/\/urgenci.net\/french\/wp-json\/wp\/v2\/users\/2"}],"replies":[{"embeddable":true,"href":"https:\/\/urgenci.net\/french\/wp-json\/wp\/v2\/comments?post=5834"}],"version-history":[{"count":6,"href":"https:\/\/urgenci.net\/french\/wp-json\/wp\/v2\/posts\/5834\/revisions"}],"predecessor-version":[{"id":5841,"href":"https:\/\/urgenci.net\/french\/wp-json\/wp\/v2\/posts\/5834\/revisions\/5841"}],"wp:featuredmedia":[{"embeddable":true,"href":"https:\/\/urgenci.net\/french\/wp-json\/wp\/v2\/media\/5835"}],"wp:attachment":[{"href":"https:\/\/urgenci.net\/french\/wp-json\/wp\/v2\/media?parent=5834"}],"wp:term":[{"taxonomy":"category","embeddable":true,"href":"https:\/\/urgenci.net\/french\/wp-json\/wp\/v2\/categories?post=5834"},{"taxonomy":"post_tag","embeddable":true,"href":"https:\/\/urgenci.net\/french\/wp-json\/wp\/v2\/tags?post=5834"}],"curies":[{"name":"wp","href":"https:\/\/api.w.org\/{rel}","templated":true}]}}